{"id":992,"date":"2013-05-11T21:27:27","date_gmt":"2013-05-11T19:27:27","guid":{"rendered":"https:\/\/fckp3.dontexist.net\/blogs\/wordpress\/rassismus-toetet\/wordpress\/?p=992"},"modified":"2013-10-09T16:11:58","modified_gmt":"2013-10-09T14:11:58","slug":"pm-antirassistischer-stadtrundgang-in-leipzig-zum-beginn-der-bundesweiten-antirassistischen-aktionstage","status":"publish","type":"post","link":"https:\/\/www.rassismus-toetet-leipzig.org\/index.php\/pm-antirassistischer-stadtrundgang-in-leipzig-zum-beginn-der-bundesweiten-antirassistischen-aktionstage\/","title":{"rendered":"PM: Antirassistischer Stadtrundgang in Leipzig zum Beginn der bundesweiten Antirassistischen Aktionstage"},"content":{"rendered":"<p align=\"JUSTIFY\">\u00dcber 100 Menschen beim Stadtrundgang auf rassistischen Spuren in Leipzig\/\/ Forderung nach Zugang zum Gesundheitswesen f\u00fcr Menschen ohne Aufenthaltsstatus\/\/ Kritik an massivem Polizeiaufgebot und repressivem Vorgehen\u00a0 <strong>*Pressemitteilung und Fotos*<\/strong> <!--more--><\/p>\n<p align=\"JUSTIFY\">Am 11.05.2013 fand in Leipzig ein Stadtrundgang unter dem Motto \u201cRassistische Normalit\u00e4t in Leipzig \u2013 Eine Spurensuche\u201d statt. Rund 110 Menschen folgten dem Aufruf zum Rundgang, der den Auftakt der antirassistischen Aktionswoche bildete. Die Spurensuche f\u00fchrte von der Prager Stra\u00dfe\/Riebeckstra\u00dfe, wo vor kurzem eine der ersten neuen Unterk\u00fcnfte f\u00fcr Asylsuchende er\u00f6ffnet wurde, vorbei an der so genannten &#8222;Ausl\u00e4nderbeh\u00f6rde&#8220; durch die Innenstadt bis in die Karl-Liebknecht-Stra\u00dfe. In zahlreichen Redebeitr\u00e4gen wurden rechte sowie menschenverachtende Gewalt, postkoloniale Spuren in Leipzig sowie Antiziganismus und Rassismus in der Mehrheitsgesellschaft thematisiert.<\/p>\n<p align=\"JUSTIFY\">Am Neuen Rathaus machte der Verein medinetz Leipzig e.V. auf die unzureichende gesundheitliche Versorgung von Menschen ohne Aufenthaltsstatus (so genannte &#8222;Sans Papiers&#8220;) aufmerksam. Er forderte den Stadtrat auf &#8211; auch im Sinne einer Empfehlung der Bundes\u00e4rztekammer von Anfang Mai 2013 &#8211; b\u00fcrokratische Zugangsh\u00fcrden auf lokaler Ebene abzubauen und &#8222;Sans Papiers&#8220; schnellstm\u00f6glich Zugang zum Gesundheitswesen zu erm\u00f6glichen.<\/p>\n<p align=\"JUSTIFY\">&#8222;Wir sind mit dem Verlauf des antirassistischen Stadtrundganges zufrieden. Wir konnten die zahlreichen rassistischen Spuren sichtbar machen, die im \u00f6ffentlichen Raum dieser Stadt eingeschrieben sind.&#8220;, so Max Schmidt, Pressesprecher der Kampagne &#8222;Rassismus t\u00f6tet!&#8220; Leipzig. &#8222;Die Reaktionen von Passant_innen und Anwohner_innen war gr\u00f6\u00dftenteils positiv. Etliche fanden unser Anliegen wichtig und unterst\u00fctzenswert.&#8220;<\/p>\n<p align=\"JUSTIFY\">Auf massive Kritik der Veranstalter_innen st\u00f6\u00dft dagegen das Verhalten der Polizei. Dazu Schmidt: &#8222;Nicht nur, dass der Rundgang von einem martialischen, massiven Polizeiaufgebot begleitet wurde, es gab auch von Anfang an Schikanen gegen Teilnehmende der Veranstaltung. So wurden fl\u00e4chendeckend Vorkontrollen durchgef\u00fchrt und gegen mehrere Menschen vollkommen unn\u00f6tige Ermittlungsma\u00dfnahmen eingeleitet. Solche Ma\u00dfnahmen schrecken Menschen ab und haben einen kriminalisierenden Charakter.&#8220; Selbst nach Ende des Rundganges wurden polizeiliche Ma\u00dfnahmen fortgesetzt.<\/p>\n<p align=\"JUSTIFY\">Die <a href=\"https:\/\/fckp3.dontexist.net\/blogs\/wordpress\/rassismus-toetet\/wordpress\/index.php\/antirassistische-aktionswoche-2013\/\">antirassisstische Aktionswoche,<\/a> die von zahlreichen Initiativen und Gruppen in Leipzig getragen wird, will auf die 20-j\u00e4hrige faktische Abschaffung des Grundrechts auf Asyl hinweisen. Am 23.05.1993 beschloss der Deutsche Bundestag mit Stimmen von CDU\/ CSU, FDP und der oppositionellen SPD die Abschaffung des Artikel 16 Grundgesetz. Daf\u00fcr wurde Artikel 16a aufgenommen, der die M\u00f6glichkeit in Deutschland Asyl zu beantragen erheblich einschr\u00e4nkt.<\/p>\n<p align=\"JUSTIFY\">Am 25.05.2013 werden in Berlin und Solingen antirassistische Gro\u00dfdemonstrationen stattfinden, mit denen an diesen antihumanistischen Paradimenwechel in der deutschen Asylpolitik bzw. an den ebenfalls vor 20 Jahren stattgefundenen rassistischen Brandanschlag in Solingen erinnert werden soll, bei dem f\u00fcnf Menschen get\u00f6tet wurden.<\/p>\n<p align=\"JUSTIFY\">In Leipzig werden im Rahmen der Aktionswoche in der kommenden Woche zahlreiche Vortr\u00e4ge und Aktionen stattfinden. Einen H\u00f6hepunkt bildet eine Videokundgebung am Mittwoch, 15.05.13, 20:00 Uhr auf dem Marktplatz. Gezeigt werden Videoausschnitte, die die Vorgeschichte zur Entscheidung im Parlament beleuchten, sowie einen Eindruck der damaligen rassistischen Hetze im wiedervereinigten Deutschland vermitteln sollen. Am Beispiel aktueller Debatten soll gezeigt werden, dass all dies bis heute Kontinuit\u00e4t hat \u2013 auch hier in Leipzig.<\/p>\n<p><em>Rassismus t\u00f6tet! Leipzig, 11.5.2013<\/em><\/p>\n<p><strong>Fotos<\/strong> <em>(by visual.change.photography)<\/em><\/p>\n<p>[nggallery id=2]<\/p>\n","protected":false},"excerpt":{"rendered":"<p>\u00dcber 100 Menschen beim Stadtrundgang auf rassistischen Spuren in Leipzig\/\/ Forderung nach Zugang zum Gesundheitswesen f\u00fcr Menschen ohne Aufenthaltsstatus\/\/ Kritik an massivem Polizeiaufgebot und repressivem Vorgehen\u00a0 *Pressemitteilung und Fotos*<\/p>\n","protected":false},"author":2,"featured_media":1011,"comment_status":"closed","ping_status":"open","sticky":false,"template":"","format":"standard","meta":{"footnotes":""},"categories":[9,1],"tags":[],"class_list":["post-992","post","type-post","status-publish","format-standard","has-post-thumbnail","hentry","category-aktuelles","category-allgemein"],"_links":{"self":[{"href":"https:\/\/www.rassismus-toetet-leipzig.org\/index.php\/wp-json\/wp\/v2\/posts\/992","targetHints":{"allow":["GET"]}}],"collection":[{"href":"https:\/\/www.rassismus-toetet-leipzig.org\/index.php\/wp-json\/wp\/v2\/posts"}],"about":[{"href":"https:\/\/www.rassismus-toetet-leipzig.org\/index.php\/wp-json\/wp\/v2\/types\/post"}],"author":[{"embeddable":true,"href":"https:\/\/www.rassismus-toetet-leipzig.org\/index.php\/wp-json\/wp\/v2\/users\/2"}],"replies":[{"embeddable":true,"href":"https:\/\/www.rassismus-toetet-leipzig.org\/index.php\/wp-json\/wp\/v2\/comments?post=992"}],"version-history":[{"count":12,"href":"https:\/\/www.rassismus-toetet-leipzig.org\/index.php\/wp-json\/wp\/v2\/posts\/992\/revisions"}],"predecessor-version":[{"id":994,"href":"https:\/\/www.rassismus-toetet-leipzig.org\/index.php\/wp-json\/wp\/v2\/posts\/992\/revisions\/994"}],"wp:featuredmedia":[{"embeddable":true,"href":"https:\/\/www.rassismus-toetet-leipzig.org\/index.php\/wp-json\/wp\/v2\/media\/1011"}],"wp:attachment":[{"href":"https:\/\/www.rassismus-toetet-leipzig.org\/index.php\/wp-json\/wp\/v2\/media?parent=992"}],"wp:term":[{"taxonomy":"category","embeddable":true,"href":"https:\/\/www.rassismus-toetet-leipzig.org\/index.php\/wp-json\/wp\/v2\/categories?post=992"},{"taxonomy":"post_tag","embeddable":true,"href":"https:\/\/www.rassismus-toetet-leipzig.org\/index.php\/wp-json\/wp\/v2\/tags?post=992"}],"curies":[{"name":"wp","href":"https:\/\/api.w.org\/{rel}","templated":true}]}}