{"id":967,"date":"2013-05-08T13:08:13","date_gmt":"2013-05-08T11:08:13","guid":{"rendered":"https:\/\/fckp3.dontexist.net\/blogs\/wordpress\/rassismus-toetet\/wordpress\/?p=967"},"modified":"2013-06-08T17:50:16","modified_gmt":"2013-06-08T15:50:16","slug":"leipzigs-racist-normality-a-search-for-clues-citytour-on-11th-may","status":"publish","type":"post","link":"https:\/\/www.rassismus-toetet-leipzig.org\/index.php\/leipzigs-racist-normality-a-search-for-clues-citytour-on-11th-may\/","title":{"rendered":"\u201cLeipzig\u2019s racist normality \u2013 a search for clues\u201d Citytour on 11th May"},"content":{"rendered":"<p style=\"text-align: justify;\"><strong>\u201cNormalit\u00e9 raciste \u00e0 Leipzig \u2013 Une Recherche de Traces\u201d\/ \u201c\u041f\u043e \u0441\u043b\u0435\u0434\u0430\u043c \u0440\u0430\u0441\u0438\u0441\u0442\u0441\u043a\u043e\u0439 \u043d\u043e\u0440\u043c\u0430\u043b\u044c\u043d\u043e\u0441\u0442\u0438 \u0432 \u041b\u0435\u0439\u043f\u0446\u0438\u0433\u0435\u201d\/ \u201cNormalitet raciste ne Leipzig \u2013 nje kerkim gjurmesh\u201d\/ &#8222;Rassistische Normalit\u00e4t in Leipzig \u2013 eine Spurensuche\u201d<\/strong> &#8211; Mehrsprachige Mobilisierung zum Stadtrundgang am 11. Mai ab 13 Uhr ab Riebeckstr.\/Prager Stra\u00dfe<\/p>\n<p style=\"text-align: justify;\">Anl\u00e4sslich des 20. Jahrestages der faktischen Abschaffung des Grundrechts auf Asyl findet \u2013 eingebettet in die bundesweite Kampagne \u201cRassismus t\u00f6tet!\u201d \u2013 eine Aktionswoche statt, um in verschiedenen St\u00e4dten Rassismus auf verschiedensten Ebenen aufzuzeigen.<\/p>\n<p style=\"text-align: justify;\">\u201eLeipzig ist eine weltoffene Stadt!\u201c \u2013 eine Aussage, die Leipzig zu jedweder Gelegenheit gebetsm\u00fchlenartig vor sich her tr\u00e4gt. Doch sp\u00e4testens im Zuge der in vielen F\u00e4llen rassistisch gef\u00fchrten \u201cAsyldebatte\u201d im vergangenen Jahr, ist die deutliche Diskrepanz zwischen Anspruch und Realit\u00e4t sichtbar geworden.<\/p>\n<p style=\"text-align: justify;\">Daher wollen wir uns im Rahmen eines antirassistischen Stadtspaziergangs auf die Suche nach rassistischen Spuren in Leipzig begeben. Damit soll deutlich gemacht werden, dass Rassismus weder der Vergangenheit angeh\u00f6rt, noch lediglich ein Problem an dem so genannten \u201erechten Rand&#8220; ist, sondern dass die gegenw\u00e4rtigen Gesellschaften auf der Unterscheidung von Menschen nach Hautfarbe, Herkunft oder Religion aufbauen . Durch permanente Diskriminierungen, Gewalt und den stark eingeschr\u00e4nkten Zugang zu Ressourcen erfahren Betroffene Ausgrenzung von gesellschaftlicher Teilhabe sowie eine stetige Gef\u00e4hrdung ihrer k\u00f6rperlichen Unversehrtheit. Rassismus ist ein in die st\u00e4dtische Realit\u00e4t eingeschriebenes Problem.<\/p>\n<p style=\"text-align: justify;\">Diese rassistische Normalit\u00e4t soll konkret und vor Ort verdeutlicht werden. Der Stadtrundgang wird an der neu er\u00f6ffneten Asylsuchendenunterkunft in der Riebeckstra\u00dfe beginnen und dort die aktuelle Diskussion zur Unterbringung Gefl\u00fcchteter thematisieren. Bei dem Rundgang zur Innenstadt sollen sowohl institutioneller Rassismus in staatlichen Strukturen wie der \u201cAusl\u00e4nderbeh\u00f6rde\u201d, als auch Themen wie Kolonialismus, Antiziganismus, rassistische Polizeikontrollen und rechte Morden an den Orten problematisiert werden, an denen sie praktische Wirklichkeit entfalten, an denen Menschen abgeschoben, diskriminiert, verpr\u00fcgelt und ermordet werden.<\/p>\n<p style=\"text-align: justify;\">Schritt f\u00fcr Schritt den rassistischen Zust\u00e4nden begegnen.<\/p>\n<p style=\"text-align: center;\">++++++<\/p>\n<p style=\"text-align: justify;\">Samedi, 11 mai | Leipzig | Promenade en ville | \u201cNormalit\u00e9 raciste \u00e0 Leipzig \u2013 Une Recherche de Traces\u201d | \u00e0 13 heures | Riebeckstr.\/Prager Stra\u00dfe<\/p>\n<p style=\"text-align: justify;\">\u00c0 l\u2019occasion de la vingti\u00e8me anniversaire de l\u2019abrogation du droit fondamental d\u2019asile il y a une semaine d\u2019actions qui est part de la campagne \u2018Racisme Tue\u2019 qui a lieu dans tous le pays. Pendant cette semaine on veut montrer les formes differentes du racisme dans plusieurs villes.<\/p>\n<p style=\"text-align: justify;\">\u2018Leipzig est une ville ouverte au monde\u00a0!\u2019 C\u2019est une d\u00e9claration on r\u00e9p\u00e8te toujours \u00e0 Leipzig. Mais depuis le d\u00e9bat d\u2019asil l\u2019ann\u00e9e derni\u00e8re \u2013 souvent avec les traits de racisme \u2013 la discr\u00e9pance entre exigences et r\u00e9alit\u00e9 est devenue visible.<\/p>\n<p style=\"text-align: justify;\">C\u2019est pourquoi que nous voulons faire une promenade en ville au recherche des traces du racisme \u00e0 Leipzig. Avec \u00e7a on doit remarquer, que le racisme ni est dans le pass\u00e9 ni seulement un problem du \u2018groupe marginal droite\u2019, mais que au moment la soci\u00e9t\u00e9 moderne se fonde sur la distinction des personnes \u00e0 cause de leurs couleur de peau, origine ou religion. C\u2019est plus difficile de participer \u00e0 la soci\u00e9t\u00e9 pour les personnes concern\u00e9es par la discrimination, la violence permanente et un acc\u00e8s aux ressources tr\u00e8s limit\u00e9. \u00c0 plus leur int\u00e9grit\u00e9 physique est menac\u00e9e permanente. Racisme est un problem quotidien des villes.<\/p>\n<p style=\"text-align: justify;\">Cette normalit\u00e9 raciste doit \u00eatre clarifi\u00e9 sur place. La promenad en ville commence \u00e0 la nouvelle residence pour demandeurs d\u2019asile en Riebeckstra\u00dfe. L\u00e0, le sujet sera la discussion actuelle sur l\u2019h\u00e9bergement des r\u00e9fugi\u00e9s. Au centre-ville nous allons parler du racisme institutionnel dans les structures d\u2019\u00e9tat, du colonialisme, de l\u2019antitziganisme, des contr\u00f4les de police racistes et des meurtres des groupes droites. Et tout \u00e7a aux lieus ou on est confront\u00e9 avec ces sujets. Aux lieus ou personnes ont \u00e9t\u00e9 expuls\u00e9s, discrimin\u00e9s, battus et assassin\u00e9s.<\/p>\n<p style=\"text-align: justify;\">Pas \u00e0 pas contre les \u00e9tats racistes.<\/p>\n<p style=\"text-align: center;\">++++++<\/p>\n<p style=\"text-align: justify;\"><strong>\u00a0Saturday, 11th May | Leipzig | City Tour | \u201cLeipzig\u2019s racist normality \u2013 a search for clues\u201d | 1:00 PM | Riebeckstr.\/Prager Stra\u00dfe<\/strong><\/p>\n<p style=\"text-align: justify;\">Due to the 20th anniversary of the de facto abolition of the right to asylum in Germany, an awareness week will take place in order to depict racism &#8211; in different cities on many of its layers. The awareness week is part of the campaign \u201aracism kills\u2019.<\/p>\n<p style=\"text-align: justify;\">\u201aLeipzig is a cosmopolitan city!\u2019 \u2013 a claim which Leipzig\u2019s officials trumpet like a mantra. But at least since Leipzig\u2019s \u201aasylum debate\u2019 last year \u2013 which in fact showed several racist motives \u2013 the gap between Leipzig\u2019s demand and its reality became visible.<\/p>\n<p style=\"text-align: justify;\">Therefore we want to depict Leipzig\u2019s racist marks during a tour trough the city. We want to point out that racism neither is history nor that it is a phenomenon merely found in right-wing parts of society. We want to make clear that current societies are based on the seperation of its members by skin colour, origin or religion.<br \/>\nThrough discrimination, violence and a highly restricted access to resources, persons concerned face a consistent exclusion from partaking in society \u2013 and a consistent endangerment of their physical integrity. Leipzig\u2019s urban normality is a racist one.<\/p>\n<p style=\"text-align: justify;\">This racist normality is to be illustrated at locations where racism becomes concrete. Our tour will begin at the newly opened home for people seeking asylum (Riebeckstra\u00dfe) and adress Leipzig\u2019s debate about the accommodation of refugees. As we continue, we will explore institutional racism in governmental facilities (e.g. \u201aAusl\u00e4nderbeh\u00f6rde\u2019) and adress issues like colonialism, antiziganism and racist police checks. We will also show places where racially motivated crimes took place.<\/p>\n<p style=\"text-align: justify;\">Step by step against racist conditions!<\/p>\n<p style=\"text-align: center;\">+++++<\/p>\n<p style=\"text-align: justify;\"><strong>\u0421\u0443\u0431\u0431\u043e\u0442\u0430, 11. \u043c\u0430\u044f | \u041b\u0435\u0439\u043f\u0446\u0438\u0433 | \u043f\u0440\u043e\u0433\u0443\u043b\u043a\u0430 \u043f\u043e \u0433\u043e\u0440\u043e\u0434\u0443 | \u201c\u041f\u043e \u0441\u043b\u0435\u0434\u0430\u043c \u0440\u0430\u0441\u0438\u0441\u0442\u0441\u043a\u043e\u0439 \u043d\u043e\u0440\u043c\u0430\u043b\u044c\u043d\u043e\u0441\u0442\u0438 \u0432 \u041b\u0435\u0439\u043f\u0446\u0438\u0433\u0435\u201d | 13:00 | \u0420\u0438\u0431\u0435\u043a-\u041f\u0440\u0430\u0433\u0435\u0440 \u0448\u0442\u0440\u0430\u0441\u0441\u0435<\/strong><\/p>\n<p style=\"text-align: justify;\">\u041f\u043e \u043f\u043e\u0432\u043e\u0434\u0443 20. \u0433\u043e\u0434\u043e\u0432\u0449\u0438\u043d\u044b \u0444\u0430\u043a\u0442\u0438\u0447\u0435\u0441\u043a\u043e\u0439 \u043e\u0442\u043c\u0435\u043d\u044b \u043f\u0440\u0430\u0432 \u043d\u0430 \u0443\u0431\u0435\u0436\u0438\u0449\u0435 \u043f\u0440\u043e\u0432\u043e\u0434\u0438\u0442\u0441\u044f \u043d\u0435\u0434\u0435\u043b\u044f \u0430\u043a\u0446\u0438\u0439 \u0432 \u0440\u0430\u043c\u043a\u0430\u0445 \u043a\u0430\u043c\u043f\u0430\u043d\u0438\u0438 \u00ab\u0420\u0430\u0441\u0438\u0437\u043c \u0443\u0431\u0438\u0432\u0430\u0435\u0442\u00bb, \u0446\u0435\u043b\u044c \u043a\u043e\u0442\u043e\u0440\u043e\u0439 \u2013 \u043f\u043e\u043a\u0430\u0437\u0430\u0442\u044c \u0440\u0430\u0437\u043d\u044b\u0435 \u0441\u0444\u0435\u0440\u044b \u0440\u0430\u0441\u0438\u0437\u043c\u0430 \u0432 \u0432 \u0433\u043e\u0440\u043e\u0434\u0430\u0445 \u0413\u0435\u0440\u043c\u0430\u043d\u0438\u0438.<\/p>\n<p style=\"text-align: justify;\">\u00ab\u041b\u0435\u0439\u043f\u0446\u0438\u0433- \u0442\u043e\u043b\u0435\u0440\u0430\u043d\u0442\u043d\u044b\u0439 \u0433\u043e\u0440\u043e\u0434!\u00bb &#8211; \u0432\u044b\u0441\u043a\u0430\u0437\u044b\u0432\u0430\u043d\u0438\u0435, \u0431\u0435\u0441\u043f\u0440\u0435\u0440\u044b\u0432\u043d\u043e \u0438\u0441\u043f\u043e\u043b\u044c\u0437\u043e\u0432\u0430\u043d\u043e\u0435 \u043f\u0440\u0438 \u0432\u0441\u044f\u0447\u0435\u0441\u043a\u043e\u0439 \u0432\u043e\u0437\u043c\u043e\u0436\u043d\u043e\u0441\u0442\u0438. \u041d\u043e \u043d\u0435 \u0442\u043e\u043b\u044c\u043a\u043e \u0440\u0430\u0441\u0438\u0441\u0442\u0441\u043a\u0438\u0439 \u0434\u0435\u0431\u0430\u0442 \u043e \u0431\u0435\u0436\u0435\u043d\u0446\u0430\u0445 \u043f\u0440\u043e\u0448\u043b\u043e\u0433\u043e \u0433\u043e\u0434\u0430 (\u043d\u0430\u0437\u044b\u0432\u0430\u0435\u043c\u044b\u0439 \u201eAsyldebatte&#8220;) \u043f\u043e\u043a\u0430\u0437\u0430\u043b \u0440\u0435\u0437\u043a\u043e\u0435 \u043d\u0435\u0441\u043e\u043e\u0442\u0432\u0435\u0442\u0441\u0442\u0432\u0438\u0435 \u043c\u0435\u0436\u0434\u0443 \u044d\u0442\u043e\u0439 \u043f\u0440\u0435\u0442\u0435\u043d\u0437\u0438\u0435\u0439 \u0438 \u0434\u0435\u0439\u0441\u0442\u0432\u0438\u0442\u0435\u043b\u044c\u043d\u043e\u0441\u0442\u044c\u044e.<\/p>\n<p style=\"text-align: justify;\">\u041f\u043e\u044d\u0442\u043e\u043c\u0443 \u043c\u044b \u0443\u0441\u0442\u0440\u0430\u0438\u0432\u0430\u0435\u043c \u043f\u0440\u043e\u0433\u0443\u043b\u043a\u0443 \u043f\u043e \u0441\u043b\u0435\u0434\u0430\u043c \u0440\u0430\u0441\u0438\u0437\u043c\u0430 \u0432 \u041b\u0435\u0439\u043f\u0446\u0438\u0433\u0435. \u041c\u044b \u0445\u043e\u0442\u0438\u043c \u043f\u043e\u043a\u0430\u0437\u0430\u0442\u044c, \u0447\u0442\u043e \u0440\u0430\u0441\u0438\u0437\u043c \u043d\u0435 \u043f\u0440\u0438\u043d\u0430\u0434\u043b\u0435\u0436\u0438\u0442 \u043f\u0440\u043e\u0448\u043b\u043e\u043c\u0443 \u0438 \u043d\u0435 \u044f\u0432\u043b\u044f\u0435\u0442\u0441\u044f \u043f\u0440\u043e\u0431\u043b\u0435\u043c\u043e\u0439 \u0442\u0430\u043a \u043d\u0430\u0437\u044b\u0432\u0430\u0435\u043c\u043e\u0433\u043e \u00ab\u043f\u0440\u0430\u0432\u043e\u0433\u043e \u043a\u0440\u0430\u044f\u00bb \u043e\u0431\u0449\u0435\u0441\u0442\u0432\u0430, \u0430 \u043f\u0440\u0435\u0434\u043e\u0441\u0442\u043e\u0432\u043b\u044f\u0435\u0442 \u0444\u0443\u043d\u0434\u0430\u043c\u0435\u043d\u0442 \u0441\u043e\u0432\u0440\u0435\u043c\u0435\u043d\u043d\u044b\u0445 \u043e\u0431\u0449\u0435\u0441\u0442\u0432, \u043e\u0441\u043d\u043e\u0432\u0430\u043d\u043d\u044b\u0439 \u043d\u0430 \u0440\u0430\u0437\u043b\u0438\u0447\u0438\u0438 \u043b\u044e\u0434\u0435\u0439 \u0432 \u0437\u0430\u0432\u0438\u0441\u0438\u043c\u043e\u0441\u0442\u0438 \u043e\u0442 \u0446\u0432\u0435\u0442\u0430 \u043a\u043e\u0436\u0438, \u043f\u0440\u043e\u0438\u0441\u0445\u043e\u0436\u0434\u0435\u043d\u0438\u044f \u0438\u043b\u0438 \u0440\u0435\u043b\u0438\u0433\u0438\u0438. \u041f\u043e\u0441\u0442\u043e\u044f\u043d\u043d\u0430\u044f \u0434\u0438\u0441\u043a\u0440\u0438\u043c\u0438\u043d\u0430\u0446\u0438\u044f, \u043d\u0430\u0441\u0438\u043b\u0438\u0435 \u0438 \u0441\u0438\u043b\u044c\u043d\u043e \u043e\u0433\u0440\u0430\u043d\u0438\u0447\u0435\u043d\u043d\u044b\u0439 \u0434\u043e\u0441\u0442\u0443\u043f \u043a \u0440\u0435\u0441\u0443\u0440\u0441\u0430\u043c \u0438\u0441\u043a\u043b\u044e\u0447\u0430\u044e\u0442 \u043b\u044e\u0434\u0435\u0439 \u043e\u0442 \u0443\u0447\u0430\u0441\u0442\u0438\u044f \u0432 \u043e\u0431\u0449\u0435\u0441\u0442\u0432\u0435\u043d\u043d\u043e\u0439 \u0436\u0438\u0437\u043d\u0438, \u0430 \u0442\u0430\u043a \u0436\u0435 \u043f\u043e\u0434\u0432\u0435\u0440\u0433\u0430\u044e\u0442 \u0438\u0445 \u0444\u0438\u0437\u0438\u0447\u0435\u0441\u043a\u0443\u044e \u0441\u043e\u0445\u0440\u0430\u043d\u043d\u043e\u0441\u0442\u044c \u043e\u043f\u0430\u0441\u043d\u043e\u0441\u0442\u0438. \u0420\u0430\u0441\u0438\u0437\u043c\u00a0 \u2013\u044d\u0442\u043e \u043f\u0440\u043e\u0431\u043b\u0435\u043c\u0430 \u0433\u043e\u0440\u043e\u0434\u0441\u043a\u043e\u0439 \u043d\u043e\u0440\u043c\u0430\u043b\u044c\u043d\u043e\u0441\u0442\u0438.<\/p>\n<p style=\"text-align: justify;\">\u042d\u0442\u0430 \u0440\u0430\u0441\u0438\u0441\u0442\u0441\u043a\u0430\u044f \u043d\u043e\u0440\u043c\u0430\u043b\u044c\u043d\u043e\u0441\u0442\u044c \u0434\u043e\u043b\u0436\u043d\u0430 \u0431\u044b\u0442\u044c \u043e\u0431\u044a\u044f\u0441\u043d\u0435\u043d\u0430 \u043a\u043e\u043d\u043a\u0440\u0435\u0442\u043d\u043e \u0438 \u043d\u0430 \u043c\u0435\u0441\u0442\u0435. \u041f\u0440\u043e\u0433\u0443\u043b\u043a\u0430 \u043d\u0430\u0447\u0438\u043d\u0430\u0435\u0442\u0441\u044f \u043e\u043a\u043e\u043b\u043e \u043d\u0435\u0434\u0430\u0432\u043d\u043e \u043e\u0442\u043a\u0440\u044b\u0442\u043e\u0433\u043e \u0436\u0438\u043b\u0438\u0449\u0430 \u0434\u043b\u044f \u0431\u0435\u0436\u0435\u043d\u0446\u0435\u0432 \u0432\u00a0Riebeckstra\u00dfe \u0441 \u0434\u0438\u0441\u043a\u0443\u0441\u0441\u0438\u0438 \u043e \u043f\u0440\u0438\u044e\u0442\u0430\u0445 \u0434\u043b\u044f \u0431\u0435\u0436\u0435\u043d\u0446\u0435\u0432.\u00a0\u0412\u043e \u0432\u0440\u0435\u043c\u044f \u043f\u0440\u043e\u0433\u0443\u043b\u043a\u0438 \u0432 \u0446\u0435\u043d\u0442\u0440 \u0433\u043e\u0440\u043e\u0434\u0430 \u0440\u0435\u0447\u044c \u0431\u0443\u0434\u0435\u0442 \u0438\u0434\u0442\u0438 \u043e\u0431\u00a0\u0438\u043d\u0441\u0442\u0438\u0442\u0443\u0446\u0438\u043e\u043d\u0430\u043b\u044c\u043d\u043e\u043c \u0440\u0430\u0441\u0438\u0437\u043c\u0435 \u0432 \u0433\u043e\u0441\u0443\u0434\u0430\u0440\u0441\u0442\u0432\u0435\u043d\u043d\u044b\u0445 \u0441\u0442\u0440\u0443\u043a\u0442\u0443\u0440\u0430\u0445 \u043a\u0430\u043a\u00a0&#8222;Ausl\u00e4nderbeh\u00f6rde&#8220;, \u0430 \u0442\u0430\u043a \u0436\u0435 \u043e \u043a\u043e\u043b\u043e\u043d\u0438\u0430\u043b\u0438\u0437\u043c\u0435, \u0430\u043d\u0442\u0438\u0446\u044b\u0433\u0430\u043d\u0438\u0437\u043c\u0435, \u0440\u0430\u0441\u0438\u0441\u0442\u0441\u043a\u0438\u0445 \u043f\u043e\u043b\u0438\u0446\u0435\u0439\u0441\u043a\u0438\u0445 \u043a\u043e\u043d\u0442\u0440\u043e\u043b\u044f\u0445 \u0438 \u043f\u0440\u0430\u0432\u043e \u043c\u043e\u0442\u0438\u0432\u0438\u0440\u043e\u0432\u0430\u043d\u043d\u044b\u0445 \u0443\u0431\u0438\u0439\u0441\u0442\u0432\u0430\u0445 &#8211; \u043d\u0430 \u043c\u0435\u0441\u0442\u0430\u0445, \u0433\u0434\u0435 \u043e\u043d\u0438 \u043f\u0435\u0440\u0435\u0445\u043e\u0434\u044f\u0442 \u043d\u0430 \u0440\u0435\u0430\u043b\u044c\u043d\u043e\u0441\u0442\u044c, \u043d\u0430 \u043c\u0435\u0441\u0442\u0430\u0445, \u0433\u0434\u0435 \u043b\u044e\u0434\u0435\u0439\u00a0 \u0432\u044b\u0441\u044b\u043b\u0430\u043b\u0438 \u0438\u0437 \u0441\u0442\u0440\u0430\u043d\u044b, \u0434\u0438\u0441\u043a\u0440\u0438\u043c\u0438\u043d\u0438\u0440\u043e\u0432\u0430\u043b\u0438, \u0431\u0438\u043b\u0438 \u0438 \u0443\u0431\u0438\u0432\u0430\u043b\u0438.<\/p>\n<p style=\"text-align: justify;\">\u0428\u0430\u0433 \u0437\u0430 \u0448\u0430\u0433\u043e\u043c \u043f\u0440\u0438\u043d\u0438\u043c\u0430\u0442\u044c \u043c\u0435\u0440\u044b \u043f\u0440\u043e\u0442\u0438\u0432 \u0440\u0430\u0441\u0438\u0437\u043c\u0430!<\/p>\n<p style=\"text-align: center;\">+++++<\/p>\n<p style=\"text-align: justify;\"><strong>E shtune, 11. Maj | Leipzig | shetitje qytetore | \u201cNormalitet raciste ne Leipzig \u2013 nje kerkim gjurmesh\u201d | ne oren 13, Riebeckstr.\/Prager Str<\/strong><\/p>\n<p style=\"text-align: justify;\">Ne rast te 20-vjetorit te leshimit faktual te te drejtes njerzores per azil kampanja kombetare \u201eRassismus t\u00f6tet!\u201c (\u201eRacizmi vret!\u201c) do organizoj nje jave akcionesh neper qytete te ndryshme per te derguar vemendjen ne racizmin te perditshem.<\/p>\n<p style=\"text-align: justify;\">\u201eLeipzig eshte nje qytet progresiv!\u201c \u2013 nje sprehje qe qyteti e perserit sa here mundet. Por \u201edebati i azilit\u201c i viteve te kaluara me momentet i tij raciste, na ka treguar qe ka nje ndryshim midis realiteti dhe deshires. Prandaj duam te kerkojm gjurmet raciste ne Leipzig ne nje shetitje qytetore anti-raciste. Keshtu duam te bejme qarte, qe racizmi nuk eshte as problem i te kaluares, as problem qe i perket vetem \u201eqoshes the djathte\u201c, por qe ne fakt, shoqeria jone bazon ne dallim e njerezve pas ngjyres te lekures, origjines dhe fes. Nga diskriminime te perseritura, force fizike dhe mundesi shume te kufizuara per te marrur pjese ne risorsat shoqerore, shume njerez jetojn ne rizik te perditeshem. Racizmi eshte nje problem qe eshte i gdhendur ne realitetin qytetor.<\/p>\n<p style=\"text-align: justify;\">Kete realitet raciste duam te tregojme konkretishte aty ku ndodhe: ne qytet. Shetitja do filloj tek strehimi per kerkues azili i ri tek Riebekstra\u00dfe per te tematizuar bisedat aktuale per strehimin e refugjateve ne Gjermani. Ne qenderen e qytetin pastaj duam te flasim per racizm institucional ne struktura shtetore si \u201eAusl\u00e4nderbeh\u00f6rde\u201c (\u201eQendra shteterore per te huaj\u201c) por edhe per tema si kolonializm, diskriminime kunder romave, kontralla policie raciste, dhe vrasje me motive neo-naziste ne pikerishte ato vendet ku keto ndodhin ose kan ndodhur, atje ku njerez deportohen, diskriminohen, rrifen dhe vriten.<\/p>\n<p style=\"text-align: justify;\">Ti perballemi racizmit hap pas hapi.<\/p>\n","protected":false},"excerpt":{"rendered":"<p>\u201cNormalit\u00e9 raciste \u00e0 Leipzig \u2013 Une Recherche de Traces\u201d\/ \u201c\u041f\u043e \u0441\u043b\u0435\u0434\u0430\u043c \u0440\u0430\u0441\u0438\u0441\u0442\u0441\u043a\u043e\u0439 \u043d\u043e\u0440\u043c\u0430\u043b\u044c\u043d\u043e\u0441\u0442\u0438 \u0432 \u041b\u0435\u0439\u043f\u0446\u0438\u0433\u0435\u201d\/ \u201cNormalitet raciste ne Leipzig \u2013 nje kerkim gjurmesh\u201d\/ &#8222;Rassistische Normalit\u00e4t in Leipzig \u2013 eine Spurensuche\u201d &#8211; Mehrsprachige Mobilisierung zum Stadtrundgang am 11. Mai ab 13 Uhr ab Riebeckstr.\/Prager Stra\u00dfe Anl\u00e4sslich des 20. Jahrestages der faktischen Abschaffung des Grundrechts auf Asyl [&hellip;]<\/p>\n","protected":false},"author":2,"featured_media":974,"comment_status":"closed","ping_status":"open","sticky":false,"template":"","format":"standard","meta":{"footnotes":""},"categories":[9,1,3],"tags":[],"class_list":["post-967","post","type-post","status-publish","format-standard","has-post-thumbnail","hentry","category-aktuelles","category-allgemein","category-featured"],"_links":{"self":[{"href":"https:\/\/www.rassismus-toetet-leipzig.org\/index.php\/wp-json\/wp\/v2\/posts\/967","targetHints":{"allow":["GET"]}}],"collection":[{"href":"https:\/\/www.rassismus-toetet-leipzig.org\/index.php\/wp-json\/wp\/v2\/posts"}],"about":[{"href":"https:\/\/www.rassismus-toetet-leipzig.org\/index.php\/wp-json\/wp\/v2\/types\/post"}],"author":[{"embeddable":true,"href":"https:\/\/www.rassismus-toetet-leipzig.org\/index.php\/wp-json\/wp\/v2\/users\/2"}],"replies":[{"embeddable":true,"href":"https:\/\/www.rassismus-toetet-leipzig.org\/index.php\/wp-json\/wp\/v2\/comments?post=967"}],"version-history":[{"count":10,"href":"https:\/\/www.rassismus-toetet-leipzig.org\/index.php\/wp-json\/wp\/v2\/posts\/967\/revisions"}],"predecessor-version":[{"id":1030,"href":"https:\/\/www.rassismus-toetet-leipzig.org\/index.php\/wp-json\/wp\/v2\/posts\/967\/revisions\/1030"}],"wp:featuredmedia":[{"embeddable":true,"href":"https:\/\/www.rassismus-toetet-leipzig.org\/index.php\/wp-json\/wp\/v2\/media\/974"}],"wp:attachment":[{"href":"https:\/\/www.rassismus-toetet-leipzig.org\/index.php\/wp-json\/wp\/v2\/media?parent=967"}],"wp:term":[{"taxonomy":"category","embeddable":true,"href":"https:\/\/www.rassismus-toetet-leipzig.org\/index.php\/wp-json\/wp\/v2\/categories?post=967"},{"taxonomy":"post_tag","embeddable":true,"href":"https:\/\/www.rassismus-toetet-leipzig.org\/index.php\/wp-json\/wp\/v2\/tags?post=967"}],"curies":[{"name":"wp","href":"https:\/\/api.w.org\/{rel}","templated":true}]}}