{"id":817,"date":"2013-04-15T19:46:34","date_gmt":"2013-04-15T17:46:34","guid":{"rendered":"https:\/\/fckp3.dontexist.net\/blogs\/wordpress\/rassismus-toetet\/wordpress\/?p=817"},"modified":"2013-04-15T19:46:34","modified_gmt":"2013-04-15T17:46:34","slug":"rassistische-asylpolitik-in-deutschland","status":"publish","type":"post","link":"https:\/\/www.rassismus-toetet-leipzig.org\/index.php\/rassistische-asylpolitik-in-deutschland\/","title":{"rendered":"Rassistische Asylpolitik in Deutschland"},"content":{"rendered":"<p><strong>Samstag 11.05., 17 Uhr, Zolle (Zollschuppenstra\u00dfe 11), Vortrag \u201cRassistische Asylpolitik in Deutschland\u201d + Film<\/strong><\/p>\n<p>Seitdem im M\u00e4rz 2012 gefl\u00fcchtete Menschen angefangen haben, sich kollektiv gegen die Residenzpflicht und die Kasanierung in Lagern in der BRD zu organisieren, hat sich eine bis heute \u00f6ffentlich nie so pr\u00e4sente Protestbewegung entwickelt. Die Opferrolle der Marginalisierten zur\u00fcckweisend, fordern Menschen hier, wie \u00fcberall in Europa, die Abschaffung rassistischer Alltagspraxen. Zur konkreten Situation der Fl\u00fcchtlinge in ihrem Alltag wird es einen Vortrag und im Anschluss einen thematisch passenden Film geben.<\/p>\n<p>Veranstaltende Gruppe: Prisma<br \/>\nprisma@inventati.org<\/p>\n","protected":false},"excerpt":{"rendered":"<p>Samstag 11.05., 17 Uhr, Zolle (Zollschuppenstra\u00dfe 11), Vortrag \u201cRassistische Asylpolitik in Deutschland\u201d + Film Seitdem im M\u00e4rz 2012 gefl\u00fcchtete Menschen angefangen haben, sich kollektiv gegen die Residenzpflicht und die Kasanierung in Lagern in der BRD zu organisieren, hat sich eine bis heute \u00f6ffentlich nie so pr\u00e4sente Protestbewegung entwickelt. Die Opferrolle der Marginalisierten zur\u00fcckweisend, fordern Menschen [&hellip;]<\/p>\n","protected":false},"author":2,"featured_media":0,"comment_status":"closed","ping_status":"open","sticky":false,"template":"","format":"standard","meta":{"footnotes":""},"categories":[1],"tags":[],"class_list":["post-817","post","type-post","status-publish","format-standard","hentry","category-allgemein"],"_links":{"self":[{"href":"https:\/\/www.rassismus-toetet-leipzig.org\/index.php\/wp-json\/wp\/v2\/posts\/817","targetHints":{"allow":["GET"]}}],"collection":[{"href":"https:\/\/www.rassismus-toetet-leipzig.org\/index.php\/wp-json\/wp\/v2\/posts"}],"about":[{"href":"https:\/\/www.rassismus-toetet-leipzig.org\/index.php\/wp-json\/wp\/v2\/types\/post"}],"author":[{"embeddable":true,"href":"https:\/\/www.rassismus-toetet-leipzig.org\/index.php\/wp-json\/wp\/v2\/users\/2"}],"replies":[{"embeddable":true,"href":"https:\/\/www.rassismus-toetet-leipzig.org\/index.php\/wp-json\/wp\/v2\/comments?post=817"}],"version-history":[{"count":1,"href":"https:\/\/www.rassismus-toetet-leipzig.org\/index.php\/wp-json\/wp\/v2\/posts\/817\/revisions"}],"predecessor-version":[{"id":818,"href":"https:\/\/www.rassismus-toetet-leipzig.org\/index.php\/wp-json\/wp\/v2\/posts\/817\/revisions\/818"}],"wp:attachment":[{"href":"https:\/\/www.rassismus-toetet-leipzig.org\/index.php\/wp-json\/wp\/v2\/media?parent=817"}],"wp:term":[{"taxonomy":"category","embeddable":true,"href":"https:\/\/www.rassismus-toetet-leipzig.org\/index.php\/wp-json\/wp\/v2\/categories?post=817"},{"taxonomy":"post_tag","embeddable":true,"href":"https:\/\/www.rassismus-toetet-leipzig.org\/index.php\/wp-json\/wp\/v2\/tags?post=817"}],"curies":[{"name":"wp","href":"https:\/\/api.w.org\/{rel}","templated":true}]}}