{"id":630,"date":"2013-01-09T15:02:05","date_gmt":"2013-01-09T13:02:05","guid":{"rendered":"https:\/\/fckp3.dontexist.net\/blogs\/wordpress\/rassismus-toetet\/wordpress\/?p=630"},"modified":"2013-03-27T12:29:16","modified_gmt":"2013-03-27T10:29:16","slug":"16-1-2013vortrag-fortress-europe","status":"publish","type":"post","link":"https:\/\/www.rassismus-toetet-leipzig.org\/index.php\/16-1-2013vortrag-fortress-europe\/","title":{"rendered":"16.1.2013,Vortrag: Fortress Europe"},"content":{"rendered":"<p><strong>Vortrag: Fortress Europe \u2013 Das europ\u00e4ische Grenzregime ver\u00e4ndert sich: Eine politische Bestandsaufnahme \u00fcber Grundlagen, Mythen und K\u00e4mpfe, von und mit der Initiative Grenzenlos<\/strong><br \/>\n<strong> 16.1.2013, 19Uhr Fischladen<\/strong><\/p>\n<p>In vielen politischen Diskursen wird die EU als Festung beschrieben, doch so elektrisierend das Symbol der Festung Europa auch ist, die Festung ver\u00e4ndert sich, das Bild wird br\u00fcchig. Die Mauern bewegen sich, haben Schlupfl\u00f6cher und Korridore. Postkoloniale Herrschaftsstrukturen materialisieren sich durch Sicherheitsabkommen zwischen EU-Mitgliedsstaaten und Transitstaaten. Nationalstaaten und auch die Europ\u00e4ische Union produzieren Identit\u00e4tsmuster, welche notwendigerweise Menschen (rassistisch) ausschlie\u00dfen. \u201eVerwertbare Migrant*innen\u201c werden angeworben und geduldet, scheinbar \u201enicht verwertbare Migrant*innen\u201c illegalisiert und kriminalisiert.<br \/>\nDesweiteren wird auf der einen Seite eine neoliberale \u00d6ffnung betrieben, die einen freien Warenverkehr sicherstellt, und auf der anderen Seite wird versucht, Migrationsbewegungen zu \u201emanagen\u201c .<br \/>\nAuch die sozialen K\u00e4mpfe gegen die Festung ver\u00e4ndern sich, sie sind schon lange selbsterm\u00e4chtigt und sie intensivieren und vernetzen sich zunehmend. Das bemerkt auch die europ\u00e4ische Bev\u00f6lkerung und delegitimiert zumeist diese K\u00e4mpfe.<br \/>\nViel inhaltlicher Stoff f\u00fcr einen langen Diskussionsabend \u2013 Noch Fragen? Wir auch!<br \/>\nZusammen kriegen wir die Festung doch auseinandergenommen, oder?<br \/>\nDer Vortrag soll einen Einstieg in die Thematik erm\u00f6glichen, aber auch eine inhaltliche Vertiefung im Bezug auf blinde Flecken, Ver\u00e4nderungen und K\u00e4mpfe beinhalten.<br \/>\nStill fighting Fortress Europe<\/p>\n","protected":false},"excerpt":{"rendered":"<p>Vortrag: Fortress Europe \u2013 Das europ\u00e4ische Grenzregime ver\u00e4ndert sich: Eine politische Bestandsaufnahme \u00fcber Grundlagen, Mythen und K\u00e4mpfe, von und mit der Initiative Grenzenlos 16.1.2013, 19Uhr Fischladen In vielen politischen Diskursen wird die EU als Festung beschrieben, doch so elektrisierend das Symbol der Festung Europa auch ist, die Festung ver\u00e4ndert sich, das Bild wird br\u00fcchig. Die [&hellip;]<\/p>\n","protected":false},"author":2,"featured_media":631,"comment_status":"closed","ping_status":"open","sticky":false,"template":"","format":"standard","meta":{"footnotes":""},"categories":[9,1],"tags":[],"class_list":["post-630","post","type-post","status-publish","format-standard","has-post-thumbnail","hentry","category-aktuelles","category-allgemein"],"_links":{"self":[{"href":"https:\/\/www.rassismus-toetet-leipzig.org\/index.php\/wp-json\/wp\/v2\/posts\/630","targetHints":{"allow":["GET"]}}],"collection":[{"href":"https:\/\/www.rassismus-toetet-leipzig.org\/index.php\/wp-json\/wp\/v2\/posts"}],"about":[{"href":"https:\/\/www.rassismus-toetet-leipzig.org\/index.php\/wp-json\/wp\/v2\/types\/post"}],"author":[{"embeddable":true,"href":"https:\/\/www.rassismus-toetet-leipzig.org\/index.php\/wp-json\/wp\/v2\/users\/2"}],"replies":[{"embeddable":true,"href":"https:\/\/www.rassismus-toetet-leipzig.org\/index.php\/wp-json\/wp\/v2\/comments?post=630"}],"version-history":[{"count":4,"href":"https:\/\/www.rassismus-toetet-leipzig.org\/index.php\/wp-json\/wp\/v2\/posts\/630\/revisions"}],"predecessor-version":[{"id":768,"href":"https:\/\/www.rassismus-toetet-leipzig.org\/index.php\/wp-json\/wp\/v2\/posts\/630\/revisions\/768"}],"wp:featuredmedia":[{"embeddable":true,"href":"https:\/\/www.rassismus-toetet-leipzig.org\/index.php\/wp-json\/wp\/v2\/media\/631"}],"wp:attachment":[{"href":"https:\/\/www.rassismus-toetet-leipzig.org\/index.php\/wp-json\/wp\/v2\/media?parent=630"}],"wp:term":[{"taxonomy":"category","embeddable":true,"href":"https:\/\/www.rassismus-toetet-leipzig.org\/index.php\/wp-json\/wp\/v2\/categories?post=630"},{"taxonomy":"post_tag","embeddable":true,"href":"https:\/\/www.rassismus-toetet-leipzig.org\/index.php\/wp-json\/wp\/v2\/tags?post=630"}],"curies":[{"name":"wp","href":"https:\/\/api.w.org\/{rel}","templated":true}]}}