{"id":578,"date":"2012-10-29T20:17:50","date_gmt":"2012-10-29T18:17:50","guid":{"rendered":"https:\/\/fckp3.dontexist.net\/blogs\/wordpress\/rassismus-toetet\/wordpress\/?p=578"},"modified":"2012-10-29T20:18:20","modified_gmt":"2012-10-29T18:18:20","slug":"nach-dem-brand-dokumentation-zum-brandanschlag-in-molln-1992","status":"publish","type":"post","link":"https:\/\/www.rassismus-toetet-leipzig.org\/index.php\/nach-dem-brand-dokumentation-zum-brandanschlag-in-molln-1992\/","title":{"rendered":"\u201cNach dem Brand\u201d \u2013 Dokumentation zum Brandanschlag in M\u00f6lln 1992"},"content":{"rendered":"<p style=\"text-align: justify;\"><strong>\u201cNach dem Brand\u201d<\/strong><br \/>\n<strong>BRD \/ 50 Min \/ 2010\u00a0 | Regie: Malou Berlin | <a href=\"http:\/\/www.credofilm.de\/filme\/nach_dem_brand.html\">credo:film<\/a>, NDR, Dokumentation<\/strong><\/p>\n<p style=\"text-align: justify;\">In M\u00f6lln legen am 20. November 1992 Neonazis einen Brand im Haus der t\u00fcrkischst\u00e4mmigen Familie Arslan. Drei Familienangeh\u00f6rige kommen in den Flammen ums Leben, der Rest kann sich aus dem Haus retten \u2013 darunter auch der damals siebenj\u00e4hrige Ibrahim und seine Mutter Hava. Der Vater erreicht den Ungl\u00fccksort als nur noch die verheerenden Folgen des Brandanschlags zu erkennen sind: Seine Mutter, seine Nichte und auch die kleine Tochter sind dem Brand zum Opfer gefallen. Die Berliner Filmemacherin Malou Berlin hat die Familie Arslan \u00fcber mehrere Jahre begleitet. Der Filme \u201cNach dem Brand\u201d zeichnet ein pers\u00f6nliches Portrait der \u00dcberlebenden des Anschlags, ihrem Umgang mit dem Verlust ihrer Angeh\u00f6rigen, ihren Tr\u00e4umen und W\u00fcnschen.<\/p>\n<p style=\"text-align: justify;\"><em>Erstauff\u00fchrung: Filmfest Hamburg, Oktober 2012<\/em> \/ <em>Nominierung: Prix Europa 2012 in der Kategorie IRIS Nordische Filmtage L\u00fcbeck, Oktober\/November 2012<\/em><\/p>\n<p style=\"text-align: justify;\"><strong>Di. 06.11.2012 | Leipzig | 20.00 Uhr | Bornaischen Stra\u00dfe 3d\u00a0<\/strong><\/p>\n<p style=\"text-align: justify;\"><em> <\/em>Die <a href=\"http:\/\/rassismus-toetet.de\/\">Kampagne \u201cRassismus t\u00f6tet!\u201d <\/a>zeigt den Film in verschiedenen St\u00e4dten und m\u00f6chte somit einen Teil zur Aufarbeitung des Anschlages beitragen. Die Filmvorf\u00fchrungen stehen im Rahmen der <a href=\"http:\/\/rassismus-toetet.de\/?p=1587\">Mobilisierung zur Gedenkdemo in M\u00f6lln am 17. November<\/a>.<\/p>\n","protected":false},"excerpt":{"rendered":"<p>\u201cNach dem Brand\u201d BRD \/ 50 Min \/ 2010\u00a0 | Regie: Malou Berlin | credo:film, NDR, Dokumentation In M\u00f6lln legen am 20. November 1992 Neonazis einen Brand im Haus der t\u00fcrkischst\u00e4mmigen Familie Arslan. Drei Familienangeh\u00f6rige kommen in den Flammen ums Leben, der Rest kann sich aus dem Haus retten \u2013 darunter auch der damals siebenj\u00e4hrige [&hellip;]<\/p>\n","protected":false},"author":2,"featured_media":0,"comment_status":"closed","ping_status":"open","sticky":false,"template":"","format":"standard","meta":{"footnotes":""},"categories":[9,1],"tags":[],"class_list":["post-578","post","type-post","status-publish","format-standard","hentry","category-aktuelles","category-allgemein"],"_links":{"self":[{"href":"https:\/\/www.rassismus-toetet-leipzig.org\/index.php\/wp-json\/wp\/v2\/posts\/578","targetHints":{"allow":["GET"]}}],"collection":[{"href":"https:\/\/www.rassismus-toetet-leipzig.org\/index.php\/wp-json\/wp\/v2\/posts"}],"about":[{"href":"https:\/\/www.rassismus-toetet-leipzig.org\/index.php\/wp-json\/wp\/v2\/types\/post"}],"author":[{"embeddable":true,"href":"https:\/\/www.rassismus-toetet-leipzig.org\/index.php\/wp-json\/wp\/v2\/users\/2"}],"replies":[{"embeddable":true,"href":"https:\/\/www.rassismus-toetet-leipzig.org\/index.php\/wp-json\/wp\/v2\/comments?post=578"}],"version-history":[{"count":2,"href":"https:\/\/www.rassismus-toetet-leipzig.org\/index.php\/wp-json\/wp\/v2\/posts\/578\/revisions"}],"predecessor-version":[{"id":580,"href":"https:\/\/www.rassismus-toetet-leipzig.org\/index.php\/wp-json\/wp\/v2\/posts\/578\/revisions\/580"}],"wp:attachment":[{"href":"https:\/\/www.rassismus-toetet-leipzig.org\/index.php\/wp-json\/wp\/v2\/media?parent=578"}],"wp:term":[{"taxonomy":"category","embeddable":true,"href":"https:\/\/www.rassismus-toetet-leipzig.org\/index.php\/wp-json\/wp\/v2\/categories?post=578"},{"taxonomy":"post_tag","embeddable":true,"href":"https:\/\/www.rassismus-toetet-leipzig.org\/index.php\/wp-json\/wp\/v2\/tags?post=578"}],"curies":[{"name":"wp","href":"https:\/\/api.w.org\/{rel}","templated":true}]}}