{"id":530,"date":"2012-10-23T16:40:13","date_gmt":"2012-10-23T14:40:13","guid":{"rendered":"https:\/\/fckp3.dontexist.net\/blogs\/wordpress\/rassismus-toetet\/wordpress\/?p=530"},"modified":"2012-10-23T16:40:13","modified_gmt":"2012-10-23T14:40:13","slug":"mobi-video-rassismus-totet-demo-in-leipzig","status":"publish","type":"post","link":"https:\/\/www.rassismus-toetet-leipzig.org\/index.php\/mobi-video-rassismus-totet-demo-in-leipzig\/","title":{"rendered":"Mobi-Video: Rassismus t\u00f6tet!-Demo in Leipzig"},"content":{"rendered":"<p>F\u00fcr den 25. Oktober mobilisiert das &#8222;Rassismus t\u00f6tet!&#8220;-Netzwerk und Antifa-Strukturen aus verschiedenen Bundesl\u00e4ndern zu einer \u00fcberregionalen Demonstration in Leipzig. Die Demo richtet sich gegen die manifesten rassistischen Zust\u00e4nde in Leipzig.<\/p>\n<p>Das Mobi-Video und der Mobi-Jingle f\u00fcr die Demo sind jetzt draussen:<\/p>\n<p>&gt;&gt;&gt; Mobi-Video:<br \/>\nYoutube: <img decoding=\"async\" src=\"http:\/\/de.indymedia.org\/img\/extlink.gif\" alt=\"\" \/>\u00a0<a href=\"http:\/\/www.youtube.com\/watch?v=Ano6BO1JtpQ\">http:\/\/www.youtube.com\/watch?v=Ano6BO1JtpQ<\/a><\/p>\n<p>&gt;&gt;&gt; Jingle:<br \/>\nYoutube: <img decoding=\"async\" src=\"http:\/\/de.indymedia.org\/img\/extlink.gif\" alt=\"\" \/>\u00a0<a href=\"http:\/\/www.youtube.com\/watch?v=4iDkXh5oeNo\">http:\/\/www.youtube.com\/watch?v=4iDkXh5oeNo<\/a><br \/>\nMixcloud: <img decoding=\"async\" src=\"http:\/\/de.indymedia.org\/img\/extlink.gif\" alt=\"\" \/>\u00a0<a href=\"http:\/\/www.mixcloud.com\/rassismus_toetet\/rassismus-totet-demo-in-leipzig-27102012-mobi-jingle\/\">http:\/\/www.mixcloud.com\/rassismus_toetet\/rassismus-totet-demo-in-leipzig-27102012-mobi-jingle\/<\/a><\/p>\n<div>&gt;&gt;&gt; Mobilisierungsveranstaltungen:<br \/>\nDi. 23.10.2012 | G\u00f6ttingen | 21.00 Uhr | Juzi, B\u00fcrgerstra\u00dfe 41 | im Rahmen der Theke \u201cLe chat noir\u201d<br \/>\nDi. 23.10.2012 | Postdam | 20.30 uhr | Black Fleck, Zeppelinstr. 26<br \/>\nDo. 25.10.2012 | Jena | 20.30 Uhr | JG-Stadtmitte, Johannisstra\u00dfe 14<\/p>\n<p>&gt;&gt;&gt; Zugtreffpunkte:<br \/>\nBerlin: Hauptbahnhof (tief), Gleis 3, Treff: 12.45 Uhr \/ Abfahrt: 13:16 Uhr ( RE 4359)<br \/>\nErfurt: Hauptbahnhof, Gleis 10, Treff: 12.45 Uhr \/ Abfahrt: 13:00 Uhr (RB 16591, RB 26420)<br \/>\nJena: Station Paradies, Gleis 2, Treff: 12.45 Uhr \/ Abfahrt: 13:10 Uhr (RB 16926,RB 16591, RB 26420)<\/p>\n<p>&gt;&gt;&gt; Alle Infos zur Demo:<br \/>\n<img decoding=\"async\" src=\"http:\/\/de.indymedia.org\/img\/extlink.gif\" alt=\"\" \/>\u00a0<a href=\"http:\/\/rassismus-toetet.de\/?p=1703\">http:\/\/rassismus-toetet.de\/?p=1703<\/a><\/div>\n<div><\/div>\n<div>Von: http:\/\/de.indymedia.org\/2012\/10\/336627.shtml<\/div>\n","protected":false},"excerpt":{"rendered":"<p>F\u00fcr den 25. Oktober mobilisiert das &#8222;Rassismus t\u00f6tet!&#8220;-Netzwerk und Antifa-Strukturen aus verschiedenen Bundesl\u00e4ndern zu einer \u00fcberregionalen Demonstration in Leipzig. Die Demo richtet sich gegen die manifesten rassistischen Zust\u00e4nde in Leipzig. Das Mobi-Video und der Mobi-Jingle f\u00fcr die Demo sind jetzt draussen: &gt;&gt;&gt; Mobi-Video: Youtube: \u00a0http:\/\/www.youtube.com\/watch?v=Ano6BO1JtpQ &gt;&gt;&gt; Jingle: Youtube: \u00a0http:\/\/www.youtube.com\/watch?v=4iDkXh5oeNo Mixcloud: \u00a0http:\/\/www.mixcloud.com\/rassismus_toetet\/rassismus-totet-demo-in-leipzig-27102012-mobi-jingle\/ &gt;&gt;&gt; Mobilisierungsveranstaltungen: Di. 23.10.2012 [&hellip;]<\/p>\n","protected":false},"author":2,"featured_media":0,"comment_status":"closed","ping_status":"open","sticky":false,"template":"","format":"standard","meta":{"footnotes":""},"categories":[9,1],"tags":[],"class_list":["post-530","post","type-post","status-publish","format-standard","hentry","category-aktuelles","category-allgemein"],"_links":{"self":[{"href":"https:\/\/www.rassismus-toetet-leipzig.org\/index.php\/wp-json\/wp\/v2\/posts\/530","targetHints":{"allow":["GET"]}}],"collection":[{"href":"https:\/\/www.rassismus-toetet-leipzig.org\/index.php\/wp-json\/wp\/v2\/posts"}],"about":[{"href":"https:\/\/www.rassismus-toetet-leipzig.org\/index.php\/wp-json\/wp\/v2\/types\/post"}],"author":[{"embeddable":true,"href":"https:\/\/www.rassismus-toetet-leipzig.org\/index.php\/wp-json\/wp\/v2\/users\/2"}],"replies":[{"embeddable":true,"href":"https:\/\/www.rassismus-toetet-leipzig.org\/index.php\/wp-json\/wp\/v2\/comments?post=530"}],"version-history":[{"count":2,"href":"https:\/\/www.rassismus-toetet-leipzig.org\/index.php\/wp-json\/wp\/v2\/posts\/530\/revisions"}],"predecessor-version":[{"id":1093,"href":"https:\/\/www.rassismus-toetet-leipzig.org\/index.php\/wp-json\/wp\/v2\/posts\/530\/revisions\/1093"}],"wp:attachment":[{"href":"https:\/\/www.rassismus-toetet-leipzig.org\/index.php\/wp-json\/wp\/v2\/media?parent=530"}],"wp:term":[{"taxonomy":"category","embeddable":true,"href":"https:\/\/www.rassismus-toetet-leipzig.org\/index.php\/wp-json\/wp\/v2\/categories?post=530"},{"taxonomy":"post_tag","embeddable":true,"href":"https:\/\/www.rassismus-toetet-leipzig.org\/index.php\/wp-json\/wp\/v2\/tags?post=530"}],"curies":[{"name":"wp","href":"https:\/\/api.w.org\/{rel}","templated":true}]}}