{"id":457,"date":"2012-10-17T00:38:10","date_gmt":"2012-10-16T22:38:10","guid":{"rendered":"https:\/\/fckp3.dontexist.net\/blogs\/wordpress\/rassismus-toetet\/wordpress\/?p=457"},"modified":"2012-10-20T20:00:54","modified_gmt":"2012-10-20T18:00:54","slug":"mobi-veranstaltungen-und-aktuelles","status":"publish","type":"post","link":"https:\/\/www.rassismus-toetet-leipzig.org\/index.php\/mobi-veranstaltungen-und-aktuelles\/","title":{"rendered":"Mobi-Veranstaltungen und Aktuelles"},"content":{"rendered":"<p>F\u00fcr den<strong> 27. Oktober<\/strong> ruft die Kampagne \u201cRassismus t\u00f6tet!\u201d unter dem Motto \u201cNever forgive, Never forget!\u201d zur \u00fcberregionalen Demonstration in Leipzig auf. Anlass ist der zweite Todestages von Kamal K. <a href=\"http:\/\/blog.zeit.de\/stoerungsmelder\/2011\/06\/16\/%E2%80%9Eseit-seinem-tod-ist-alles-anders%E2%80%9C_6552\">Zwei Neonazis ermordeten Kamal am 24. Oktober 2010<\/a> in der Leipziger Innenstadt. Der Mord an Kamal war allerdings kein Einzelfall. Kamal ist einer von sechs Menschen, die seit der \u201cWende\u201d von Rechten ermordet wurden.<\/p>\n<p>Grundlage f\u00fcr diese Taten ist der Alltagsrassismus, der sich in Leipzig derzeit in Form rassistischer B\u00fcrger_innenproteste Bahn bricht. Deutsche Ureinwohner in Leipzig-Waren und Gr\u00fcnau <a href=\"http:\/\/www.youtube.com\/watch?v=A6rzIbeUDqI\">hetzen gegen die dezentrale Unterbringung von Fl\u00fcchtlingen<\/a> in ihrer Nachbarschaft. Man sei nicht rassistisch aber Ausl\u00e4nder wolle man trotzdem nicht in seiner Nachbarschaft.<\/p>\n<p><a href=\"http:\/\/rassismus-toetet.de\/?p=1621\">Aufruf zur Demo<\/a> | <a href=\"https:\/\/fckp3.dontexist.net\/blogs\/wordpress\/rassismus-toetet\/wordpress\/index.php\/veranstaltungsreihe-im-oktober\/\">Veranstaltungsreihe<\/a> |\u00a0<a href=\"http:\/\/rassismus-toetet.de\/?p=1703\"> Hintergrundinfos<\/a> | <a href=\"http:\/\/www.youtube.com\/watch?v=fIFiFr72Z2U\">Lied \u00fcber den Mord an Kamal<\/a> |<br \/>\n<a href=\"http:\/\/rassismus-toetet.de\/?page_id=22\">Mobi-Veranstaltungen<\/a> | <a href=\"https:\/\/fckp3.dontexist.net\/blogs\/wordpress\/rassismus-toetet\/wordpress\/\">www.rassismus-toetet-leipzig.org <\/a>|\u00a0 <a href=\"http:\/\/rassismus-toetet.de\/\">www.rassismus-toetet.de<\/a><\/p>\n<p><strong>Jingle:<\/strong> <a href=\"https:\/\/fckp3.dontexist.net\/blogs\/wordpress\/rassismus-toetet\/wordpress\/wp-content\/uploads\/2012\/10\/Jingle-Rassismus-MOBI_01.mp3\">Jingle Rassismus MOBI_01<\/a><\/p>\n<h2><strong>Mobilisierungsveranstaltungen<\/strong><\/h2>\n<p>Do. 18.10. | Magdeburg | 18.30 Uhr | Liebert\u00e4res Zentrum \u2013 LIZ, Alt Salbke 144 | Anfahrt hier<\/p>\n<p>Mo. 22.10.2012 | Berlin| 19.00 Uhr, BAIZ, Christinenstr. 1, U-Bhf. Rosa-Luxemburg-Platz (P-Berg\/Mitte)<\/p>\n<p>Mo 22.10.2012 | Leipzig | 18.30 Uhr | Schuppen, Stockertstr.<\/p>\n<p>Di. 23.10.2012 | G\u00f6ttingen | 21.00 Uhr | im Rahmen der Theke \u201cLe chat noir\u201d | Die Theke ist wie immer im Juzi.<\/p>\n<p>Di. 23.10.2012 | Postdam | 20.30 uhr | Black Fleck, Zeppelinstr. 26<\/p>\n<p>Do. 25.10.2012 | Jena | 20.30 Uhr | JG-Stadtmitte, Johannisstra\u00dfe 14<\/p>\n<p>&nbsp;<\/p>\n<ul>\n<li>Zugtreffpunkte<\/li>\n<\/ul>\n<p>Berlin: Hauptbahnhof (tief), Gleis 3, Treff: 12.45 Uhr \/ Abfahrt: 13:16\u00a0 Uhr ( RE 4359)<\/p>\n<h2><strong>Hintergrundinformationen<\/strong><\/h2>\n<h2><strong>Videos:<\/strong><\/h2>\n<ul>\n<li>B\u00fcrgermobs und Neonazis gegen Fl\u00fcchtlinsunterk\u00fcnfte<\/li>\n<\/ul>\n<p>MDR 2012: \u201c<a href=\"https:\/\/www.youtube.com\/watch?v=U2fvE7pRgYM&amp;feature=plcp\">LeipzigerInnen gegen Gemeinschaftsunterku\u0308nfte fu\u0308r AsylbewerberInnen<\/a>\u201d<br \/>\nMDR 2012: \u201c<a href=\"https:\/\/www.youtube.com\/watch?v=epznQ0JaKlY&amp;feature=plcp\">Diskussion u\u0308ber Unterku\u0308nfte fu\u0308r Flu\u0308chtlinge in Leipzig-Gru\u0308nau<\/a>\u201d<br \/>\nMonitor 1991: \u201c<a href=\"https:\/\/www.youtube.com\/watch?v=3PDMWrqgrqg&amp;feature=plcp\">Angriff auf eine Fl\u00fcchtlingsunterkunft in Leipzig 1991<\/a>\u201d<\/p>\n<ul>\n<li>Der Mord an Kamal K.<\/li>\n<\/ul>\n<p>Sachsenspiegel 2011: \u201c<a href=\"https:\/\/www.youtube.com\/watch?v=1NeTtscLGok&amp;feature=plcp\">Haftstrafen fu\u0308r Kamals Mo\u0308rder<\/a>\u201d<br \/>\nLF 2010: \u201c<a href=\"https:\/\/www.youtube.com\/watch?v=mdd5k6RWLaI&amp;feature=plcp\">Demonstration nach dem Mord an Kamal K. in Leipzig<\/a>\u201d<br \/>\nLF 2010: \u201c<a href=\"https:\/\/www.youtube.com\/watch?v=ubxzJs6fO18&amp;feature=plcp\">Demonstration nach dem Mord an Kamal K. in Leipzig (2.Video)<\/a>\u201d<\/p>\n<ul>\n<li>Die Verschwiegenen Toten von Leipzig<\/li>\n<\/ul>\n<p>Panorama 2000: \u201c<a href=\"https:\/\/www.youtube.com\/watch?v=pcL7McRriKw&amp;feature=plcp\">Die verschwiegenen Toten<\/a>\u201d<br \/>\nMonitor 1999: \u201c<a href=\"https:\/\/www.youtube.com\/watch?v=eGkOq3yAxKA&amp;feature=plcp\">Nachgefragt zum Mord an Nuno Louren\u00e7o in Leipzig<\/a>\u201d<\/p>\n<p>Weitere Berichte auf \u201c<a href=\"https:\/\/www.youtube.com\/user\/AlertaSachsen?feature=watch\">Alerta Sachsen<\/a>\u201d<\/p>\n<h2><strong>Texte:<\/strong><\/h2>\n<ul>\n<li><a href=\"https:\/\/www.chronikle.org\/\">ChronikLe<\/a>: \u201c<a href=\"https:\/\/www.chronikle.org\/dossier\/keine-hemmungen-neonazis-ermordeten-sechs-menschen-leipzig-1990\">Keine Hemmungen \u2013 Neonazis ermordeten sechs Menschen in Leipzig seit 1990<\/a>\u201c<\/li>\n<li>ChronikLe: \u201c<a href=\"https:\/\/www.chronikle.org\/dossier\/gute-nachbarschaft-dezentralen-unterbringung-asylbewerberinnen\">Auf gute Nachbarschaft \u2013 Zur dezentralen Unterbringung von AsylbewerberInnen<\/a>\u201c<\/li>\n<li>ChronikLe: \u201c<a href=\"https:\/\/www.chronikle.org\/dossier\/rassismus-clubt%C3%BCr\">Rassismus an der Clubt\u00fcr<\/a>\u201c<\/li>\n<li>ChronikLe: \u201c<a href=\"https:\/\/www.chronikle.org\/dossier\/stadtrand-abgeschoben-neubau-heims-asylbewerberinnen-leipziger-wodanstrasse\">An den Stadtrand abgeschoben \u2013 Neubau eines Heims f\u00fcr AsylbewerberInnen in der Leipziger Wodanstra\u00dfe<\/a>\u201c<\/li>\n<li>ChronikLe: \u201c<a href=\"https:\/\/www.chronikle.org\/dossier\/problem-hei%C3%9Ft-rassismus-armut-soziale-ungerechtigkeit-r%C3%BCcken-migrantinnen-ausgetragen\">Das Problem hei\u00dft Rassismus. Armut und soziale Ungerechtigkeit sollen auf dem R\u00fccken von Migrant_innen ausgetragen werden<\/a>\u201c<\/li>\n<li>ChronikLe: \u201c<a href=\"https:\/\/www.chronikle.org\/dossier\/s%C3%A4chsische-zust%C3%A4nde-s%C3%A4chsische-demokratie-n%C3%A4hrboden-nazis-fruchtbar-h%C3%A4lt\">S\u00e4chsische Zust\u00e4nde \u2013 Wie die S\u00e4chsische Demokratie den N\u00e4hrboden f\u00fcr Nazis fruchtbar h\u00e4lt<\/a>\u201c<\/li>\n<li>ChronikLe: \u201c<a href=\"https:\/\/www.chronikle.org\/dossier\/nie-ohne-fluchtplan-betroffene-rechter-gewalt-berichtet\">Nie ohne Fluchtplan \u2013 Eine Betroffene rechter Gewalt berichtet<\/a>\u201c<\/li>\n<li>ChronikLe: \u201c<a href=\"https:\/\/www.chronikle.org\/dossier\/sterntaler-wei%C3%9F-blond-betroffene-berichtet-ihren-allt%C3%A4glichen-rassismuserfahrungen\">\u201cIch muss doch als Sterntaler wei\u00df und blond sein?\u201d \u2013 Eine Betroffene berichtet von ihren allt\u00e4glichen Rassismuserfahrungen<\/a>\u201c<\/li>\n<li>ChronikLe: \u201c<a href=\"https:\/\/www.chronikle.org\/dossier\/neonazis-z%C3%BCndeln-brandanschl%C3%A4ge-sachsen\">Wenn Neonazis z\u00fcndeln \u2013 Brandanschl\u00e4ge in Sachsen<\/a>\u201c<\/li>\n<li>ChronikLe: \u201c<a href=\"https:\/\/www.chronikle.org\/dossier\/grimma-asylbewerberinnen-protestieren-gegen-zustaende-heim\">Grimma: Asylbewerber_innen protestieren gegen Zust\u00e4nde im Heim<\/a>\u201c<\/li>\n<li>ChronikLE: \u201c<a href=\"https:\/\/www.chronikle.org\/dossier\/fussball-diskriminierung-beispiel-leipziger-fussballfans\">Fu\u00dfball und Diskriminierung am Beispiel Leipziger Fu\u00dfballfans<\/a>\u201c<\/li>\n<li><a href=\"http:\/\/www.addn.me\/\">addn.me<\/a>: <a href=\"http:\/\/de.indymedia.org\/2011\/06\/310591.shtml\">\u201cSachsens Grundrechte flie\u00dfen weiter elbabw\u00e4rts\u201d<\/a><\/li>\n<li>Initiativkreis Antirassismus: \u201c<a href=\"http:\/\/de.indymedia.org\/2011\/06\/308961.shtml\">Prozess zum Mord an Kamal K.<\/a>\u201d | <a href=\"http:\/\/initiativkreis.blogsport.de\/prozess\/\">Berichte<\/a> zum Prozess<\/li>\n<\/ul>\n<h2><strong><br \/>\nBerichte auf Indymedia zu Leipzig\/Sachsen 2012, eine Auswahl:<\/strong><\/h2>\n<p><a href=\"http:\/\/de.indymedia.org\/2012\/10\/335739.shtml\">Brandanschlag in der S\u00e4chsischen Schweiz offenbar aufgekl\u00e4rt<\/a> | <a href=\"http:\/\/de.indymedia.org\/2012\/09\/335463.shtml\">Refugee Protestmarsch durch Leipzig<\/a> | <a href=\"http:\/\/de.indymedia.org\/2012\/09\/334352.shtml\">Chef der \u201cJN\u201d war beim \u201cKu Klux Klan\u201d<\/a> | <a href=\"http:\/\/de.indymedia.org\/2012\/08\/334295.shtml\">Sachsen: Pogrome \u2013 \u00dcbergriffe \u2013 Widerstand.<\/a> | <a href=\"http:\/\/de.indymedia.org\/2012\/08\/333507.shtml\">NPD-Kundgebung in Leipzig fand keine Resonanz<\/a> | <a href=\"http:\/\/de.indymedia.org\/2012\/07\/332794.shtml\">Andr\u00e9&amp;Maik E.: Das Helfer-Duo des Terror-Trio<\/a> | <a href=\"http:\/\/de.indymedia.org\/2012\/07\/332537.shtml\">\u201ckick racism\u201d \u2013 Erster antirassistischer Fu\u00dfballcup im Gedenken an Marwa El-Sherbini<\/a> | <a href=\"http:\/\/de.indymedia.org\/2012\/07\/332461.shtml\">Der \u201eNSU\u201c und seine Helfer<\/a> | <a href=\"http:\/\/de.indymedia.org\/2012\/07\/332317.shtml\">(K)ein Asyl in Leipzig<\/a> | <a href=\"http:\/\/de.indymedia.org\/2012\/07\/332279.shtml\">[LE] Kundgebung: Solidarit\u00e4t mit k\u00e4mpfenden Fl\u00fcchtlingen<\/a> | <a href=\"http:\/\/de.indymedia.org\/2012\/07\/332195.shtml\">Das \u201cFront Records\u201d-Imperium in Sachsen<\/a> | <a href=\"http:\/\/de.indymedia.org\/2012\/07\/332033.shtml\">NSU-Ausschuss: Ulbig stellt Ermittlungsbeh\u00f6rden Persilschein aus<\/a> | <a href=\"http:\/\/de.indymedia.org\/2012\/06\/331772.shtml\">Diskussionen um geplante Asylunterk\u00fcnfte LE<\/a> | <a href=\"http:\/\/de.indymedia.org\/2012\/06\/331729.shtml\">Dresden: Demonstration f\u00fcr dezentrale Unterbringung<\/a> | <a href=\"http:\/\/de.indymedia.org\/2012\/06\/331603.shtml\">Leipziger Zust\u00e4nde: \u201cBalla Balla!\u201d(1)<\/a> | <a href=\"http:\/\/de.indymedia.org\/2012\/06\/331318.shtml\">Leipzig: Kundgebung \u201cRassismus t\u00f6tet!\u201d<\/a> | <a href=\"http:\/\/de.indymedia.org\/2012\/06\/330972.shtml\">Leipzig:In Gedenken an Nuno Louren\u00e7o<\/a> | <a href=\"http:\/\/de.indymedia.org\/2012\/06\/330922.shtml\">Leipzig: NPD heizt rassistische Stimmung an<\/a> | <a href=\"http:\/\/de.indymedia.org\/2012\/05\/330428.shtml\">Leipzig: Rassistische Mobi gegen Asylsuchende<\/a> | <a href=\"http:\/\/de.indymedia.org\/2012\/05\/329198.shtml\">Antirepressionsdemo in Leipzig<\/a> | <a href=\"http:\/\/de.indymedia.org\/2012\/04\/329012.shtml\">[LE] Hausdurchsuchung bei Antifaschisten<\/a> | <a href=\"http:\/\/de.indymedia.org\/2012\/04\/328934.shtml\">[LE] Blockadeversuch endet mit Kessel<\/a> | <a href=\"http:\/\/de.indymedia.org\/2012\/04\/328914.shtml\">Le: Angriff auf Nazizentrum und Hausbesetzung<\/a> | <a href=\"http:\/\/de.indymedia.org\/2012\/04\/328381.shtml\">LE: NS-Verherrlichung am \u201cF\u00fchrergeburtstag\u201d<\/a> | <a href=\"http:\/\/de.indymedia.org\/2012\/04\/328055.shtml\">Oschatz: Ein ausgel\u00f6schtes Leben<\/a> | <a href=\"http:\/\/de.indymedia.org\/2012\/03\/327299.shtml\">600 gegen Nazis &amp; rechte Alltagskultur in LE<\/a> | <a href=\"http:\/\/de.indymedia.org\/2012\/03\/327179.shtml\">LE: Angriff auf \u201cFighting Catwalk\u201d<\/a> | <a href=\"http:\/\/de.indymedia.org\/2012\/03\/327127.shtml\">Leipzig: Im Osten nichts Neues.<\/a> | <a href=\"http:\/\/de.indymedia.org\/2012\/03\/325875.shtml\">Leipzig: Repression nach Antifa-Demo<\/a> | <a href=\"http:\/\/de.indymedia.org\/2012\/01\/323462.shtml\">F\u00fcnf Jahre \u201cFreies Netz\u201d: Eine Anatomie<\/a> | <a href=\"http:\/\/de.indymedia.org\/2012\/01\/323461.shtml\">Das braune Erbe des Ralf \u201cManole\u201d Marschner<\/a> | <a href=\"http:\/\/de.indymedia.org\/2012\/01\/322872.shtml\">Bewegung in der Leipziger Neonazi-Szene<\/a> |<\/p>\n<h2><strong>Never forgive, Never forget \u2013 Remembering means fighting!<br \/>\nSolidarit\u00e4t mit den Betroffenen des rechten und rassistischen Normalzustands!<\/strong><\/h2>\n","protected":false},"excerpt":{"rendered":"<p>F\u00fcr den 27. Oktober ruft die Kampagne \u201cRassismus t\u00f6tet!\u201d unter dem Motto \u201cNever forgive, Never forget!\u201d zur \u00fcberregionalen Demonstration in Leipzig auf. Anlass ist der zweite Todestages von Kamal K. Zwei Neonazis ermordeten Kamal am 24. Oktober 2010 in der Leipziger Innenstadt. Der Mord an Kamal war allerdings kein Einzelfall. Kamal ist einer von sechs [&hellip;]<\/p>\n","protected":false},"author":2,"featured_media":462,"comment_status":"closed","ping_status":"open","sticky":false,"template":"","format":"standard","meta":{"footnotes":""},"categories":[1],"tags":[],"class_list":["post-457","post","type-post","status-publish","format-standard","has-post-thumbnail","hentry","category-allgemein"],"_links":{"self":[{"href":"https:\/\/www.rassismus-toetet-leipzig.org\/index.php\/wp-json\/wp\/v2\/posts\/457","targetHints":{"allow":["GET"]}}],"collection":[{"href":"https:\/\/www.rassismus-toetet-leipzig.org\/index.php\/wp-json\/wp\/v2\/posts"}],"about":[{"href":"https:\/\/www.rassismus-toetet-leipzig.org\/index.php\/wp-json\/wp\/v2\/types\/post"}],"author":[{"embeddable":true,"href":"https:\/\/www.rassismus-toetet-leipzig.org\/index.php\/wp-json\/wp\/v2\/users\/2"}],"replies":[{"embeddable":true,"href":"https:\/\/www.rassismus-toetet-leipzig.org\/index.php\/wp-json\/wp\/v2\/comments?post=457"}],"version-history":[{"count":29,"href":"https:\/\/www.rassismus-toetet-leipzig.org\/index.php\/wp-json\/wp\/v2\/posts\/457\/revisions"}],"predecessor-version":[{"id":518,"href":"https:\/\/www.rassismus-toetet-leipzig.org\/index.php\/wp-json\/wp\/v2\/posts\/457\/revisions\/518"}],"wp:featuredmedia":[{"embeddable":true,"href":"https:\/\/www.rassismus-toetet-leipzig.org\/index.php\/wp-json\/wp\/v2\/media\/462"}],"wp:attachment":[{"href":"https:\/\/www.rassismus-toetet-leipzig.org\/index.php\/wp-json\/wp\/v2\/media?parent=457"}],"wp:term":[{"taxonomy":"category","embeddable":true,"href":"https:\/\/www.rassismus-toetet-leipzig.org\/index.php\/wp-json\/wp\/v2\/categories?post=457"},{"taxonomy":"post_tag","embeddable":true,"href":"https:\/\/www.rassismus-toetet-leipzig.org\/index.php\/wp-json\/wp\/v2\/tags?post=457"}],"curies":[{"name":"wp","href":"https:\/\/api.w.org\/{rel}","templated":true}]}}