{"id":443,"date":"2012-10-04T19:57:56","date_gmt":"2012-10-04T17:57:56","guid":{"rendered":"https:\/\/fckp3.dontexist.net\/blogs\/wordpress\/rassismus-toetet\/wordpress\/?p=443"},"modified":"2012-10-28T17:52:03","modified_gmt":"2012-10-28T15:52:03","slug":"veranstaltungsreihe-im-oktober","status":"publish","type":"post","link":"https:\/\/www.rassismus-toetet-leipzig.org\/index.php\/veranstaltungsreihe-im-oktober\/","title":{"rendered":"Veranstaltungsreihe im Oktober"},"content":{"rendered":"<p><strong>12.10.2012, 19:00 Uhr Schuppen, Stockartstra\u00dfe: Mobi-Veranstaltung f\u00fcr die Demonstration am 27.10.2012 in Leipzig<\/strong><\/p>\n<p>Am 27.10.2012 findet in Leipzig eine Demonstration unter dem Motto \u201cNever Forgive Never Forget \u2013 Remembering means fighting\u201d statt. Sie ist Teil der Rassismus T\u00f6tet! Kampagne, die auch in Leipzig zu Rassismus und dem Gedenken der Opfer von rechter Gewalt arbeitet. Mit der Demonstration wollen wir an die von Nazis ermordeten Menschen erinnern und die rassistische Durchdringung dieser Gesellschaft kritisieren. Der Vortrag versucht die Situation in Leipzig und in Sachsen in den Kontext der deutschen Zust\u00e4nde zu setzen.<\/p>\n<p><strong>13.10.2012, 19:00 Uhr Schuppen, Stockartstra\u00dfe: Propaganda, Hass, Mord \u2013 Die Geschichte des rechten Terrors<\/strong><\/p>\n<p>In der Gesellschaft ist der Aufschrei, den die Zwickauer Neonazi-Zelle nach sich zog, verhallt. Doch wie konnte es soweit kommen? Die Blutspur des braunen Terrors f\u00fchrt bis ins Jahr 1980 zur\u00fcck. Damals z\u00fcndet die \u201cWehrsportgruppe Hoffmann\u201d auf dem Oktoberfest eine Bombe (13 Tote). Nach dem Mauerfall folgen fremdenfeindliche Anschl\u00e4ge in Rostock, Solingen und M\u00f6lln. Die Doku zeichnet die Geschichte rechtsextremer Gewalt seit den 1980er-Jahren nach.<\/p>\n<p><strong>16.10.2012, 19:00 Uhr Universit\u00e4t Leipzig, HS 17 im H\u00f6rsaalgeb\u00e4ude, Universit\u00e4tsstra\u00dfe 1: T\u00f6dliche Realit\u00e4ten. Dimensionen rechts und rassistisch motivierter Gewalt<\/strong><\/p>\n<p>Mindestens 150 Menschen haben in Deutschland seit 1990 ihr Leben durch rechte und rassistische Gewalt verloren. Einsch\u00fcchterung und Bedrohungen sind insbesondere in Sachsen Alltag f\u00fcr die, die nicht ins Weltbild von RassistInnen, SozialdarwinistInnen, Homophoben und AntisemitInnen passen. Die offizielle Politik allerdings tut sich schwer bei der Anerkennung der von Gewalt betroffenen. In Polizeibeh\u00f6rden, Rath\u00e4usern und Gerichtss\u00e4len herrscht auch nach \u00d6ffentlichwerden der Gewalttaten des NSU eine Mentalit\u00e4t der Bagatellisierung- und Vertuschung vor.<br \/>\nIn der Veranstaltung wird der Frage nachgegangen warum und wie die politisch Verantwortlichen und Beh\u00f6rden sich darin \u00fcben rechte und rassistische Gewalt unter den Teppich zu kehren. Ausserdem werden die rechtsmotivierten Morde in Leipzig beleuchtet.<\/p>\n<p><strong>18.10.2012, 19:00 Uhr, Leipzig, Interkulturelles Konversationscafe, Emilienstr. 17: Szenische Lesung zu Alltagsrassismus<\/strong><br \/>\n\u201c<em>\u2026und werde trotzdem deutsch sein, auch wenn euch meine schw\u00e4rze nicht passt\u2026<\/em>\u201d (May Ayim).<\/p>\n<p>Diskussionen um Rassismus sind oftmals mehrheitsdeutsche Veranstaltungen. MigrantInnen, Schwarze Deutsche und People of Color kommen mit ihren Wahrnehmungen, Erfahrungen und Argumenten selten zu Wort. Aber es gibt diese Stimmen: k\u00e4mpferische, vermittelnde, nachdenkliche, widerspenstige und auch spielerisch-ironische, und es ist wichtig, sie zu h\u00f6ren. Die gelesenen Texte und Textfragmente stellen einige vor.<br \/>\nAnschlie\u00dfend gibt es die M\u00f6glichkeit zum Gespr\u00e4ch.<br \/>\nEs lesen Sithara Weeratunga und Daniel Bartel vom Antidiskriminierungsb\u00fcro Sachsen.<\/p>\n<p>&nbsp;<\/p>\n<p><strong>20.10.2012, 14 Uhr, Leipzig, LinXXnet, Basteltag: Wir machen Transparente und Schilder f\u00fcr die Demonstration am 27.10., kommt vorbei und macht mit.<\/strong><\/p>\n","protected":false},"excerpt":{"rendered":"<p>12.10.2012, 19:00 Uhr Schuppen, Stockartstra\u00dfe: Mobi-Veranstaltung f\u00fcr die Demonstration am 27.10.2012 in Leipzig Am 27.10.2012 findet in Leipzig eine Demonstration unter dem Motto \u201cNever Forgive Never Forget \u2013 Remembering means fighting\u201d statt. Sie ist Teil der Rassismus T\u00f6tet! Kampagne, die auch in Leipzig zu Rassismus und dem Gedenken der Opfer von rechter Gewalt arbeitet. Mit [&hellip;]<\/p>\n","protected":false},"author":2,"featured_media":444,"comment_status":"closed","ping_status":"open","sticky":false,"template":"","format":"standard","meta":{"footnotes":""},"categories":[9,1],"tags":[],"class_list":["post-443","post","type-post","status-publish","format-standard","has-post-thumbnail","hentry","category-aktuelles","category-allgemein"],"_links":{"self":[{"href":"https:\/\/www.rassismus-toetet-leipzig.org\/index.php\/wp-json\/wp\/v2\/posts\/443","targetHints":{"allow":["GET"]}}],"collection":[{"href":"https:\/\/www.rassismus-toetet-leipzig.org\/index.php\/wp-json\/wp\/v2\/posts"}],"about":[{"href":"https:\/\/www.rassismus-toetet-leipzig.org\/index.php\/wp-json\/wp\/v2\/types\/post"}],"author":[{"embeddable":true,"href":"https:\/\/www.rassismus-toetet-leipzig.org\/index.php\/wp-json\/wp\/v2\/users\/2"}],"replies":[{"embeddable":true,"href":"https:\/\/www.rassismus-toetet-leipzig.org\/index.php\/wp-json\/wp\/v2\/comments?post=443"}],"version-history":[{"count":4,"href":"https:\/\/www.rassismus-toetet-leipzig.org\/index.php\/wp-json\/wp\/v2\/posts\/443\/revisions"}],"predecessor-version":[{"id":534,"href":"https:\/\/www.rassismus-toetet-leipzig.org\/index.php\/wp-json\/wp\/v2\/posts\/443\/revisions\/534"}],"wp:featuredmedia":[{"embeddable":true,"href":"https:\/\/www.rassismus-toetet-leipzig.org\/index.php\/wp-json\/wp\/v2\/media\/444"}],"wp:attachment":[{"href":"https:\/\/www.rassismus-toetet-leipzig.org\/index.php\/wp-json\/wp\/v2\/media?parent=443"}],"wp:term":[{"taxonomy":"category","embeddable":true,"href":"https:\/\/www.rassismus-toetet-leipzig.org\/index.php\/wp-json\/wp\/v2\/categories?post=443"},{"taxonomy":"post_tag","embeddable":true,"href":"https:\/\/www.rassismus-toetet-leipzig.org\/index.php\/wp-json\/wp\/v2\/tags?post=443"}],"curies":[{"name":"wp","href":"https:\/\/api.w.org\/{rel}","templated":true}]}}