{"id":331,"date":"2012-09-01T13:31:15","date_gmt":"2012-09-01T11:31:15","guid":{"rendered":"https:\/\/fckp3.dontexist.net\/blogs\/wordpress\/rassismus-toetet\/wordpress\/?p=331"},"modified":"2012-09-01T13:32:03","modified_gmt":"2012-09-01T11:32:03","slug":"motiv-penner-klatschen-uber-obdachlosen-feindlichkeit","status":"publish","type":"post","link":"https:\/\/www.rassismus-toetet-leipzig.org\/index.php\/motiv-penner-klatschen-uber-obdachlosen-feindlichkeit\/","title":{"rendered":"6.September 2012: Motiv \u201ePenner klatschen\u201c \u2013 \u00dcber Obdachlosen-Feindlichkeit"},"content":{"rendered":"<p><strong>Veranstaltung: Motiv \u201ePenner klatschen\u201c \u2013 \u00dcber Obdachlosen-Feindlichkeit am\u00a0 6.9.2012 um 19Uhr im <a href=\"http:\/\/www.konversationscafe.de\/\">Interkulturellen Konversationscaf\u00e9<\/a> (Emilienstra\u00dfe 17)<\/strong><\/p>\n<p>Obdachlose sind die vergessenen Opfer der Gesellschaft. Sie werden von Staat und Gesellschaft ausgegrenzt und auf der Stra\u00dfe angegriffen. Rechte T\u00e4ter_Innen praktizieren gegen obdachlose Menschen einen Sozialdarwinismus der Tat, der durch einen Sozialdarwinismus des Wortes vorbereitet wird. Die M\u00f6rder_Innen eines Obdachlosen 2000 in Ahlbeck waren der Meinung, dass \u201eAsoziale und Landstreicher h\u00e4tten im sch\u00f6nen Ahlbeck nichts zu suchen\u201c. Die M\u00f6rder_Innen eines Obdachlosen in Greifswald gaben an, ihre Opfer angegriffen zu haben, weil \u201eso einer \u2026 dem deutschen Steuerzahler auf der Tasche liegt\u201c. Offenbar steht die Gewalt gegen Obdachlose und sozial Schwache im unmittelbaren Zusammenhang mit gesellschaftlichen Klima und der kapitalistischen Maxime von der Verwertbarkeit der Menschen. Das brutale Ergebnis sind nach unterschiedlichen Statistiken von 33 bis zu \u00fcber 100 ermordete Obdachlose seit 1990.<\/p>\n<p>Und auch in Leipzig und Sachsen ist das Thema virulent: In Leipzig pr\u00fcgelte ein 18-j\u00e4hriger Neonazis im August zwanzig Mal auf den obdachlosen Karl-Heinz Teichmann, der auf eine Parkbank am Schwanenteich lag, ein und schrie dabei \u201eDu hast hier nicht zu pennen!\u201c. Teichmann starb am 6.9.2008 an den Folgen der Mi\u00dfhandlung. Knapp drei Jahre sp\u00e4ter traf es Andre K. in Oschatz. Der 50-j\u00e4hrige Obdachlose wurde von einer Gruppe getreten und geschlagen und starb am 1.6.2011 infolge dieses Gewaltaktes.<\/p>\n<p>Der Vortrag soll versuchen die Gewalt gegen sozial Benachteiligte in ihrer unterschiedlichen Form darzustellen, zu analysieren und die Ursachen zu benennen.<\/p>\n<p>Referent: Lucius Teidelbaum, Historiker, Betreiber des Blogs<\/p>\n<p><a href=\"http:\/\/berberinfo.blogsport.de\/\">berberinfo.blogsport.de<\/a><\/p>\n<p><small><br \/>\n<\/small><\/p>\n","protected":false},"excerpt":{"rendered":"<p>Veranstaltung: Motiv \u201ePenner klatschen\u201c \u2013 \u00dcber Obdachlosen-Feindlichkeit am\u00a0 6.9.2012 um 19Uhr im Interkulturellen Konversationscaf\u00e9 (Emilienstra\u00dfe 17) Obdachlose sind die vergessenen Opfer der Gesellschaft. Sie werden von Staat und Gesellschaft ausgegrenzt und auf der Stra\u00dfe angegriffen. Rechte T\u00e4ter_Innen praktizieren gegen obdachlose Menschen einen Sozialdarwinismus der Tat, der durch einen Sozialdarwinismus des Wortes vorbereitet wird. Die M\u00f6rder_Innen [&hellip;]<\/p>\n","protected":false},"author":2,"featured_media":0,"comment_status":"closed","ping_status":"open","sticky":false,"template":"","format":"standard","meta":{"footnotes":""},"categories":[1],"tags":[],"class_list":["post-331","post","type-post","status-publish","format-standard","hentry","category-allgemein"],"_links":{"self":[{"href":"https:\/\/www.rassismus-toetet-leipzig.org\/index.php\/wp-json\/wp\/v2\/posts\/331","targetHints":{"allow":["GET"]}}],"collection":[{"href":"https:\/\/www.rassismus-toetet-leipzig.org\/index.php\/wp-json\/wp\/v2\/posts"}],"about":[{"href":"https:\/\/www.rassismus-toetet-leipzig.org\/index.php\/wp-json\/wp\/v2\/types\/post"}],"author":[{"embeddable":true,"href":"https:\/\/www.rassismus-toetet-leipzig.org\/index.php\/wp-json\/wp\/v2\/users\/2"}],"replies":[{"embeddable":true,"href":"https:\/\/www.rassismus-toetet-leipzig.org\/index.php\/wp-json\/wp\/v2\/comments?post=331"}],"version-history":[{"count":3,"href":"https:\/\/www.rassismus-toetet-leipzig.org\/index.php\/wp-json\/wp\/v2\/posts\/331\/revisions"}],"predecessor-version":[{"id":335,"href":"https:\/\/www.rassismus-toetet-leipzig.org\/index.php\/wp-json\/wp\/v2\/posts\/331\/revisions\/335"}],"wp:attachment":[{"href":"https:\/\/www.rassismus-toetet-leipzig.org\/index.php\/wp-json\/wp\/v2\/media?parent=331"}],"wp:term":[{"taxonomy":"category","embeddable":true,"href":"https:\/\/www.rassismus-toetet-leipzig.org\/index.php\/wp-json\/wp\/v2\/categories?post=331"},{"taxonomy":"post_tag","embeddable":true,"href":"https:\/\/www.rassismus-toetet-leipzig.org\/index.php\/wp-json\/wp\/v2\/tags?post=331"}],"curies":[{"name":"wp","href":"https:\/\/api.w.org\/{rel}","templated":true}]}}