{"id":2856,"date":"2026-09-03T19:56:17","date_gmt":"2026-09-03T17:56:17","guid":{"rendered":"https:\/\/www.rassismus-toetet-leipzig.org\/?p=2856"},"modified":"2026-09-03T19:56:17","modified_gmt":"2026-09-03T17:56:17","slug":"bruderland-ist-abgebrannt-35-jahre-pogrom-in-hoyerswerda-niemals-vergessen","status":"publish","type":"post","link":"https:\/\/www.rassismus-toetet-leipzig.org\/index.php\/bruderland-ist-abgebrannt-35-jahre-pogrom-in-hoyerswerda-niemals-vergessen\/","title":{"rendered":"\u201cBruderland ist abgebrannt\u201d 35 Jahre Pogrom in Hoyerswerda \u2013 Niemals Vergessen."},"content":{"rendered":"<p>35 Jahre sind vergangen, seit es 1991 zu den rassistischen Angriffen auf Migrant*innen in Hoyerswerda kam. Doch auch dreieinhalb Jahrzehnte sp\u00e4ter sind diese Ereignisse kaum im gesellschaftlichen Ged\u00e4chtnis verankert. Wenig bekannt sind die Geschichte der Migration in die <span class=\"caps\">DDR<\/span>, das Schicksal der Vertragsarbeiterinnen und anderer Migrant*innen sowie die rassistische Gewalt der Wendejahre.<br \/>\n35 Jahre nach dem Pogrom von Hoyerswerda m\u00f6chten wir diese Themen wieder ins \u00f6ffentliche Bewusstsein r\u00fccken.<\/p>\n<p>Am Freitag, den 18. September 2026 um 19 Uhr wird der Film \u201cBruderland ist abgebrannt\u201d gezeigt.<br \/>\nDie Regisseurin Angelika Nguyen wird am Abend zu Gast zu sein, um anschlie\u00dfend \u00fcber den Film sowie \u00fcber die Geschichte der Vertragsarbeiter*innen und dem Rassismus der Wendezeit zu sprechen.<\/p>\n<p>Eine Veranstaltung von \u201cRassismus t\u00f6tet!\u201d \u2013 Leipzig in Kooperation mit dem Cineding<a href=\"https:\/\/www.rassismus-toetet-leipzig.org\/wp-content\/uploads\/2026\/09\/Bruderland-website-scaled.jpg\"><img loading=\"lazy\" decoding=\"async\" class=\"alignnone size-large wp-image-2857\" src=\"https:\/\/www.rassismus-toetet-leipzig.org\/wp-content\/uploads\/2026\/09\/Bruderland-website-1024x682.jpg\" alt=\"\" width=\"580\" height=\"386\" srcset=\"https:\/\/www.rassismus-toetet-leipzig.org\/wp-content\/uploads\/2026\/09\/Bruderland-website-1024x682.jpg 1024w, https:\/\/www.rassismus-toetet-leipzig.org\/wp-content\/uploads\/2026\/09\/Bruderland-website-300x200.jpg 300w, https:\/\/www.rassismus-toetet-leipzig.org\/wp-content\/uploads\/2026\/09\/Bruderland-website-768x511.jpg 768w, https:\/\/www.rassismus-toetet-leipzig.org\/wp-content\/uploads\/2026\/09\/Bruderland-website-1536x1023.jpg 1536w, https:\/\/www.rassismus-toetet-leipzig.org\/wp-content\/uploads\/2026\/09\/Bruderland-website-2048x1364.jpg 2048w, https:\/\/www.rassismus-toetet-leipzig.org\/wp-content\/uploads\/2026\/09\/Bruderland-website-1200x799.jpg 1200w, https:\/\/www.rassismus-toetet-leipzig.org\/wp-content\/uploads\/2026\/09\/Bruderland-website-1980x1319.jpg 1980w\" sizes=\"auto, (max-width: 580px) 100vw, 580px\" \/><\/a><\/p>\n","protected":false},"excerpt":{"rendered":"<p>35 Jahre sind vergangen, seit es 1991 zu den rassistischen Angriffen auf Migrant*innen in Hoyerswerda kam. Doch auch dreieinhalb Jahrzehnte sp\u00e4ter sind diese Ereignisse kaum im gesellschaftlichen Ged\u00e4chtnis verankert. Wenig bekannt sind die Geschichte der Migration in die DDR, das Schicksal der Vertragsarbeiterinnen und anderer Migrant*innen sowie die rassistische Gewalt der Wendejahre. 35 Jahre nach [&hellip;]<\/p>\n","protected":false},"author":2,"featured_media":0,"comment_status":"closed","ping_status":"open","sticky":false,"template":"","format":"standard","meta":{"footnotes":""},"categories":[1],"tags":[],"class_list":["post-2856","post","type-post","status-publish","format-standard","hentry","category-allgemein"],"_links":{"self":[{"href":"https:\/\/www.rassismus-toetet-leipzig.org\/index.php\/wp-json\/wp\/v2\/posts\/2856","targetHints":{"allow":["GET"]}}],"collection":[{"href":"https:\/\/www.rassismus-toetet-leipzig.org\/index.php\/wp-json\/wp\/v2\/posts"}],"about":[{"href":"https:\/\/www.rassismus-toetet-leipzig.org\/index.php\/wp-json\/wp\/v2\/types\/post"}],"author":[{"embeddable":true,"href":"https:\/\/www.rassismus-toetet-leipzig.org\/index.php\/wp-json\/wp\/v2\/users\/2"}],"replies":[{"embeddable":true,"href":"https:\/\/www.rassismus-toetet-leipzig.org\/index.php\/wp-json\/wp\/v2\/comments?post=2856"}],"version-history":[{"count":1,"href":"https:\/\/www.rassismus-toetet-leipzig.org\/index.php\/wp-json\/wp\/v2\/posts\/2856\/revisions"}],"predecessor-version":[{"id":2858,"href":"https:\/\/www.rassismus-toetet-leipzig.org\/index.php\/wp-json\/wp\/v2\/posts\/2856\/revisions\/2858"}],"wp:attachment":[{"href":"https:\/\/www.rassismus-toetet-leipzig.org\/index.php\/wp-json\/wp\/v2\/media?parent=2856"}],"wp:term":[{"taxonomy":"category","embeddable":true,"href":"https:\/\/www.rassismus-toetet-leipzig.org\/index.php\/wp-json\/wp\/v2\/categories?post=2856"},{"taxonomy":"post_tag","embeddable":true,"href":"https:\/\/www.rassismus-toetet-leipzig.org\/index.php\/wp-json\/wp\/v2\/tags?post=2856"}],"curies":[{"name":"wp","href":"https:\/\/api.w.org\/{rel}","templated":true}]}}