{"id":2735,"date":"2025-09-01T15:44:46","date_gmt":"2025-09-01T13:44:46","guid":{"rendered":"https:\/\/www.rassismus-toetet-leipzig.org\/?p=2735"},"modified":"2025-09-01T15:44:46","modified_gmt":"2025-09-01T13:44:46","slug":"stilles-gedenken-an-kamal-k","status":"publish","type":"post","link":"https:\/\/www.rassismus-toetet-leipzig.org\/index.php\/stilles-gedenken-an-kamal-k\/","title":{"rendered":"Stilles Gedenken an Kamal K."},"content":{"rendered":"<p>Stilles Gedenken Kamal Kilade am <strong>24.10.2025 um 18 Uhr am Gedenkstein<\/strong> in der C.W. M\u00fcller \u2013 Anlage am Leipziger Hauptbahnhof. <strong>Bringt gerne bitte Kerzen und Blumen mit.<\/strong><\/p>\n<p>Der 19-j\u00e4hrige Kamal K. wurde in der Nacht vom 23. auf den 24. Oktober 2010 im Park am Willy-Brandt-Platz von den Neonazis Marcus E. und Daniel K. durch mehrere Messerstiche ermordet.<\/p>\n<p>Daniel K., der w\u00e4hrend der Tatnacht sowie bei seiner Verhaftung einen Pullover mit dem Schriftzug \u201eKick off Antifascism\u201c trug, hatte Kamal mit einem Pfefferspray die M\u00f6glichkeit zur Verteidigung genommen, als dieser einem Freund zu Hilfe kommen wollte. Marcus E., der erst kurz zuvor aus der Haft entlassen worden war, nutzte die Situation aus und stach Kamal nieder. Marcus E. wurde wegen Mordes zu 13 Jahren Haft mit anschlie\u00dfender Sicherheitsverwahrung, Daniel K. wegen gef\u00e4hrlicher K\u00f6rperverletzung zu drei Jahren Haftstrafe, verurteilt. Mittlerweile befindet sich Daniel K., der Sohn eines Leipziger Kriminalbeamten, wieder auf freiem Fu\u00df.<\/p>\n<p>An einem aktiven Gedenken, an diesen rassistisch motivierten Mord, hat sich die Stadt Leipzig lediglich bei der Einweihung des Gedenksteins an Kamal beteiligt. Die Errichtung dessen wurde beh\u00f6rdlich eher behindert als aktiv gef\u00f6rdert. Der Initiative von Kamals Familie, Gruppen und Einzelpersonen ist es zu verdanken, dass dieser Gedenkstein initiiert werden konnte.<\/p>\n<p>Solch ein Mord aus \u201cniederen Beweggr\u00fcnden\u201d, wie der zust\u00e4ndige Richter diesen in der Urteilsverk\u00fcndung klassifizierte, geschieht nicht im luftleeren Raum, sondern in einem gesellschaftlichen Klima, dass sich durch rassistische Mobilisierungen immer weiter versch\u00e4rft.<\/p>\n<p>In Leipzig wurden seit 1990 mindestens zehn Menschen Todesopfer rechts-motivierter Gewalt \u2013 bundesweit gab es seitdem \u00fcber 200 weitere Morde.<\/p>\n<p>Wir wollen, dass Menschen wie Achmed B. und Kamal K. nicht vergessen werden, Menschen, die nicht ins Weltbild von deutschen T\u00e4ter*innen passten und deshalb ihr Leben lassen mussten. Niemand ist vergessen, nichts ist vergeben.<\/p>\n","protected":false},"excerpt":{"rendered":"<p>Stilles Gedenken Kamal Kilade am 24.10.2025 um 18 Uhr am Gedenkstein in der C.W. M\u00fcller \u2013 Anlage am Leipziger Hauptbahnhof. Bringt gerne bitte Kerzen und Blumen mit. Der 19-j\u00e4hrige Kamal K. wurde in der Nacht vom 23. auf den 24. Oktober 2010 im Park am Willy-Brandt-Platz von den Neonazis Marcus E. und Daniel K. durch [&hellip;]<\/p>\n","protected":false},"author":2,"featured_media":1825,"comment_status":"closed","ping_status":"open","sticky":false,"template":"","format":"standard","meta":{"footnotes":""},"categories":[1],"tags":[],"class_list":["post-2735","post","type-post","status-publish","format-standard","has-post-thumbnail","hentry","category-allgemein"],"_links":{"self":[{"href":"https:\/\/www.rassismus-toetet-leipzig.org\/index.php\/wp-json\/wp\/v2\/posts\/2735","targetHints":{"allow":["GET"]}}],"collection":[{"href":"https:\/\/www.rassismus-toetet-leipzig.org\/index.php\/wp-json\/wp\/v2\/posts"}],"about":[{"href":"https:\/\/www.rassismus-toetet-leipzig.org\/index.php\/wp-json\/wp\/v2\/types\/post"}],"author":[{"embeddable":true,"href":"https:\/\/www.rassismus-toetet-leipzig.org\/index.php\/wp-json\/wp\/v2\/users\/2"}],"replies":[{"embeddable":true,"href":"https:\/\/www.rassismus-toetet-leipzig.org\/index.php\/wp-json\/wp\/v2\/comments?post=2735"}],"version-history":[{"count":1,"href":"https:\/\/www.rassismus-toetet-leipzig.org\/index.php\/wp-json\/wp\/v2\/posts\/2735\/revisions"}],"predecessor-version":[{"id":2736,"href":"https:\/\/www.rassismus-toetet-leipzig.org\/index.php\/wp-json\/wp\/v2\/posts\/2735\/revisions\/2736"}],"wp:featuredmedia":[{"embeddable":true,"href":"https:\/\/www.rassismus-toetet-leipzig.org\/index.php\/wp-json\/wp\/v2\/media\/1825"}],"wp:attachment":[{"href":"https:\/\/www.rassismus-toetet-leipzig.org\/index.php\/wp-json\/wp\/v2\/media?parent=2735"}],"wp:term":[{"taxonomy":"category","embeddable":true,"href":"https:\/\/www.rassismus-toetet-leipzig.org\/index.php\/wp-json\/wp\/v2\/categories?post=2735"},{"taxonomy":"post_tag","embeddable":true,"href":"https:\/\/www.rassismus-toetet-leipzig.org\/index.php\/wp-json\/wp\/v2\/tags?post=2735"}],"curies":[{"name":"wp","href":"https:\/\/api.w.org\/{rel}","templated":true}]}}