{"id":2733,"date":"2025-09-01T15:40:40","date_gmt":"2025-09-01T13:40:40","guid":{"rendered":"https:\/\/www.rassismus-toetet-leipzig.org\/?p=2733"},"modified":"2025-09-01T15:50:55","modified_gmt":"2025-09-01T13:50:55","slug":"stilles-gedenken-an-achmed-b","status":"publish","type":"post","link":"https:\/\/www.rassismus-toetet-leipzig.org\/index.php\/stilles-gedenken-an-achmed-b\/","title":{"rendered":"Stilles Gedenken an Achmed B."},"content":{"rendered":"<p><strong>Stilles Gedenken am 23. Oktober 2025 um 18 Uhr Karl-Liebknecht \/ Ecke Schletterstr. Bringt bitte Kerzen und Blumen mit.<\/strong><\/p>\n<p>Der aus Syrien kommende Asylsuchende Achmed B., 30 Jahre alt, wird am 23. Oktober 1996 von zwei jungen Nazis, Daniel Z. (20) und Norman E. (18), erstochen. Nachdem die T\u00e4ter stundenlang faschistische und rassistische Parolen gr\u00f6lend durch die Stadt gezogen sind, betreten sie am Abend ein Gem\u00fcsegesch\u00e4ft im Leipziger S\u00fcden. Zun\u00e4chst beschimpfen sie die Verk\u00e4uferinnen rassistisch und dr\u00e4ngen sie an eine Wand. Als Achmed B. seinen Kolleginnen zur Hilfe kommen will, wird er angegriffen. Nachdem es ihm gelingt, die beiden Angreifer aus dem Gesch\u00e4ft herauszubewegen, sticht einer der beiden auf Achmed B. ein.<\/p>\n<p>Der Mord mit rassistischem Hintergrund wird von Vertreter*innen der Stadt zum Teil verharmlost. So behauptet der damalige Oberb\u00fcrgermeister Hinrich Lehmann-Grube: \u201eein rechtsextremes Potenzial ist mir hier nie begegnet\u201c und Leipzigs \u201eAusl\u00e4nderbeauftragter\u201c Stojan Gugutschkow pflichtet ihm bei: \u201eEs h\u00e4tte auch irgendeinen Deutschen treffen k\u00f6nnen\u201c. Z. und E. werden wegen \u201eMordes aus niedrigen Beweggr\u00fcnden\u201c angeklagt. Etwa ein Jahr sp\u00e4ter f\u00e4llen die Richter des Landgerichts Leipzig das Urteil: Daniel Z. Wird zu neuneinhalb Jahren Jugendhaft verurteilt, sein Mitt\u00e4ter Norman E. erh\u00e4lt wegen Beihilfe viereinhalb Jahre Gef\u00e4ngnis. Laut Staatsanwaltschaft gebe es \u201ekeine Anhaltspunkte f\u00fcr einen fremdenfeindlichen Hintergrund\u201c, stattdessen handle es sich um eine \u201espontane Tat\u201c.<\/p>\n<p>Erst 15 Jahre nach der Ermordung von Achmed B., wurde die Tat als rassistisch motiviert anerkannt.<\/p>\n","protected":false},"excerpt":{"rendered":"<p>Stilles Gedenken am 23. Oktober 2025 um 18 Uhr Karl-Liebknecht \/ Ecke Schletterstr. Bringt bitte Kerzen und Blumen mit. Der aus Syrien kommende Asylsuchende Achmed B., 30 Jahre alt, wird am 23. Oktober 1996 von zwei jungen Nazis, Daniel Z. (20) und Norman E. (18), erstochen. Nachdem die T\u00e4ter stundenlang faschistische und rassistische Parolen gr\u00f6lend [&hellip;]<\/p>\n","protected":false},"author":2,"featured_media":1820,"comment_status":"closed","ping_status":"open","sticky":false,"template":"","format":"standard","meta":{"footnotes":""},"categories":[1],"tags":[],"class_list":["post-2733","post","type-post","status-publish","format-standard","has-post-thumbnail","hentry","category-allgemein"],"_links":{"self":[{"href":"https:\/\/www.rassismus-toetet-leipzig.org\/index.php\/wp-json\/wp\/v2\/posts\/2733","targetHints":{"allow":["GET"]}}],"collection":[{"href":"https:\/\/www.rassismus-toetet-leipzig.org\/index.php\/wp-json\/wp\/v2\/posts"}],"about":[{"href":"https:\/\/www.rassismus-toetet-leipzig.org\/index.php\/wp-json\/wp\/v2\/types\/post"}],"author":[{"embeddable":true,"href":"https:\/\/www.rassismus-toetet-leipzig.org\/index.php\/wp-json\/wp\/v2\/users\/2"}],"replies":[{"embeddable":true,"href":"https:\/\/www.rassismus-toetet-leipzig.org\/index.php\/wp-json\/wp\/v2\/comments?post=2733"}],"version-history":[{"count":3,"href":"https:\/\/www.rassismus-toetet-leipzig.org\/index.php\/wp-json\/wp\/v2\/posts\/2733\/revisions"}],"predecessor-version":[{"id":2825,"href":"https:\/\/www.rassismus-toetet-leipzig.org\/index.php\/wp-json\/wp\/v2\/posts\/2733\/revisions\/2825"}],"wp:featuredmedia":[{"embeddable":true,"href":"https:\/\/www.rassismus-toetet-leipzig.org\/index.php\/wp-json\/wp\/v2\/media\/1820"}],"wp:attachment":[{"href":"https:\/\/www.rassismus-toetet-leipzig.org\/index.php\/wp-json\/wp\/v2\/media?parent=2733"}],"wp:term":[{"taxonomy":"category","embeddable":true,"href":"https:\/\/www.rassismus-toetet-leipzig.org\/index.php\/wp-json\/wp\/v2\/categories?post=2733"},{"taxonomy":"post_tag","embeddable":true,"href":"https:\/\/www.rassismus-toetet-leipzig.org\/index.php\/wp-json\/wp\/v2\/tags?post=2733"}],"curies":[{"name":"wp","href":"https:\/\/api.w.org\/{rel}","templated":true}]}}