{"id":2724,"date":"2025-08-31T18:33:31","date_gmt":"2025-08-31T16:33:31","guid":{"rendered":"https:\/\/www.rassismus-toetet-leipzig.org\/?p=2724"},"modified":"2025-08-31T18:36:07","modified_gmt":"2025-08-31T16:36:07","slug":"lesung-mit-thomas-billstein-kein-vergessen-todesopfer-rechter-gewalt-in-deutschland-nach-1945","status":"publish","type":"post","link":"https:\/\/www.rassismus-toetet-leipzig.org\/index.php\/lesung-mit-thomas-billstein-kein-vergessen-todesopfer-rechter-gewalt-in-deutschland-nach-1945\/","title":{"rendered":"Lesung mit Thomas Billstein \u201cKein vergessen \u2013 Todesopfer rechter Gewalt in Deutschland nach 1945\u201d"},"content":{"rendered":"<p><strong>Lesung am 15. Oktober 2025 um 19 Uhr im <a href=\"https:\/\/conne-island.de\/\">Conne Island<\/a>.<\/strong><\/p>\n<p>\u00dcber 300 Menschen wurden nach dem 2. Weltkrieg in Deutschland durch rechte Gewaltt\u00e4terInnen ermordet. Weit mehr, als von offizieller Stelle anerkannt sind. In Leipzig waren es seit 1990 zehn Todesopfer rechter Gewalt. Eine vollst\u00e4ndige Dokumentation dieser Taten fehlte lange Zeit. Entstanden aus dem Twitter-Account \u00bbKeinVergessen\u00ab, wurde mit dem Buch diese L\u00fccke geschlossen und daf\u00fcr Sorge getragen, dass die Opfer nicht vergessen werden.<\/p>\n<p>Zu Opfern wurden die ermordeten Menschen \u2013 J\u00fcd*innen, People of Color, Sinti*zze und Rom*nja, Punks, Obdachlose, Antifas \u2013 einzig und allein aufgrund ihrer Herkunft, ihres Aussehens, ihrer Religion, ihrer Lebensweise oder ihres politischen Engagements.<\/p>\n<p>Das Buch &#8222;<a href=\"https:\/\/unrast-verlag.de\/produkt\/kein-vergessen\/\">Kein Vergessen<\/a>&#8220; war eine erste Dokumentation bekannt gewordener t\u00f6dlicher Gewalttaten durch Rechte in Deutschland nach 1945. Jede einzelne Falldarstellung enth\u00e4lt neben der Beschreibung des Tathergangs auch Informationen zur juristischen Strafverfolgung, zur T\u00e4terstruktur und zu den Tatmotiven. Erg\u00e4nzt wird sie jeweils durch ein illustriertes Portr\u00e4t des Opfers.<\/p>\n<p>Das Buch will nicht nur der Opfer gedenken, sondern auch auf die unvermindert drohende Gefahr durch rechte Gewalt aufmerksam machen. Thomas Billstein erkl\u00e4rt was genau rechte Gewalt ist und wie sie sich von anderen Gewaltverbrechen abgrenzen l\u00e4sst. Tatmotive wie Rassismus, Antisemitismus, Antiziganismus oder auch Sozialdarwinismus werden erl\u00e4utert und Statistiken zu Gewaltverbrechen aufgef\u00fchrt.<\/p>\n","protected":false},"excerpt":{"rendered":"<p>Lesung am 15. Oktober 2025 um 19 Uhr im Conne Island. \u00dcber 300 Menschen wurden nach dem 2. Weltkrieg in Deutschland durch rechte Gewaltt\u00e4terInnen ermordet. Weit mehr, als von offizieller Stelle anerkannt sind. In Leipzig waren es seit 1990 zehn Todesopfer rechter Gewalt. Eine vollst\u00e4ndige Dokumentation dieser Taten fehlte lange Zeit. Entstanden aus dem Twitter-Account [&hellip;]<\/p>\n","protected":false},"author":2,"featured_media":2725,"comment_status":"closed","ping_status":"open","sticky":false,"template":"","format":"standard","meta":{"footnotes":""},"categories":[1],"tags":[],"class_list":["post-2724","post","type-post","status-publish","format-standard","has-post-thumbnail","hentry","category-allgemein"],"_links":{"self":[{"href":"https:\/\/www.rassismus-toetet-leipzig.org\/index.php\/wp-json\/wp\/v2\/posts\/2724","targetHints":{"allow":["GET"]}}],"collection":[{"href":"https:\/\/www.rassismus-toetet-leipzig.org\/index.php\/wp-json\/wp\/v2\/posts"}],"about":[{"href":"https:\/\/www.rassismus-toetet-leipzig.org\/index.php\/wp-json\/wp\/v2\/types\/post"}],"author":[{"embeddable":true,"href":"https:\/\/www.rassismus-toetet-leipzig.org\/index.php\/wp-json\/wp\/v2\/users\/2"}],"replies":[{"embeddable":true,"href":"https:\/\/www.rassismus-toetet-leipzig.org\/index.php\/wp-json\/wp\/v2\/comments?post=2724"}],"version-history":[{"count":2,"href":"https:\/\/www.rassismus-toetet-leipzig.org\/index.php\/wp-json\/wp\/v2\/posts\/2724\/revisions"}],"predecessor-version":[{"id":2824,"href":"https:\/\/www.rassismus-toetet-leipzig.org\/index.php\/wp-json\/wp\/v2\/posts\/2724\/revisions\/2824"}],"wp:featuredmedia":[{"embeddable":true,"href":"https:\/\/www.rassismus-toetet-leipzig.org\/index.php\/wp-json\/wp\/v2\/media\/2725"}],"wp:attachment":[{"href":"https:\/\/www.rassismus-toetet-leipzig.org\/index.php\/wp-json\/wp\/v2\/media?parent=2724"}],"wp:term":[{"taxonomy":"category","embeddable":true,"href":"https:\/\/www.rassismus-toetet-leipzig.org\/index.php\/wp-json\/wp\/v2\/categories?post=2724"},{"taxonomy":"post_tag","embeddable":true,"href":"https:\/\/www.rassismus-toetet-leipzig.org\/index.php\/wp-json\/wp\/v2\/tags?post=2724"}],"curies":[{"name":"wp","href":"https:\/\/api.w.org\/{rel}","templated":true}]}}