{"id":2661,"date":"2024-08-24T16:31:31","date_gmt":"2024-08-24T14:31:31","guid":{"rendered":"https:\/\/www.rassismus-toetet-leipzig.org\/?p=2661"},"modified":"2024-09-05T16:40:37","modified_gmt":"2024-09-05T14:40:37","slug":"redebeitrag-auf-antifaschistischer-fahrradtour","status":"publish","type":"post","link":"https:\/\/www.rassismus-toetet-leipzig.org\/index.php\/redebeitrag-auf-antifaschistischer-fahrradtour\/","title":{"rendered":"Redebeitrag auf antifaschistischer Fahrradtour"},"content":{"rendered":"<div aria-live=\"assertive\">Zu diesem Eintrag bei Chronik.Le &#8211; <span class=\"author-a-3jz122zz72zz66zu4z84zc6yz82zz80zz69z7z89z url\"><a href=\"https:\/\/chronikle.org\/ereignisse\/grosses-werbebanner-fuer-vaeterrechtler-kampagne\" rel=\"noreferrer noopener\">https:\/\/chronikle.org\/ereignisse\/grosses-werbebanner-fuer-vaeterrechtler-kampagne<\/a><\/span><\/div>\n<p>Wurde auf der antifaschistischen Fahrradtour des Ladenschlussb\u00fcndnis folgender Redebeitrag gehalten:<\/p>\n<p>Wir m\u00fcssen heute dringend \u00fcber eine Bewegung sprechen, die unter dem Deckmantel der Gleichheit eine zutiefst gef\u00e4hrliche Ideologie verbreitet: die V\u00e4terrechtsbewegung in Deutschland. Was sich selbst hier als Kampf f\u00fcr Gerechtigkeit und Gleichberechtigung verkauft, ist in Wahrheit ein Sammelbecken f\u00fcr Antifeminismus und rechtsradikale Tendenzen. Und leider werfen sie dabei auch einen Schatten auf alle progressiven V\u00e4ter welche sich wirklich f\u00fcr das Wohl ihre Kinder interessieren.<\/p>\n<p>Die Kontrolle \u00fcber Frauenk\u00f6rper und Frauenarbeit spielt eine zentrale Rolle in der Aufrechterhaltung patriarchaler Machtstrukturen. Die V\u00e4terrechtsbewegung kn\u00fcpft genau hier an, indem sie das Narrativ des \u201eenteigneten\u201c Mannes verbreitet, der um sein Recht auf Kontrolle \u00fcber seine Kinder \u2013 und &#8222;seine&#8220; Frauen \u2013 k\u00e4mpft. Diese Erz\u00e4hlung ist reaktion\u00e4r und bereitet den Boden f\u00fcr eine Zusammenarbeit mit Gruppen der extremen Rechten, die \u00e4hnliche Vorstellungen von Geschlechterrollen und gesellschaftlicher Ordnung vertreten.<\/p>\n<p>Die Bewegung st\u00fctzt sich auf einen reaktion\u00e4ren Antifeminismus, der Frauenfeindlichkeit sch\u00fcrt und gezielt versucht, die Fortschritte der letzten Jahrzehnte zur\u00fcckzudrehen.<\/p>\n<p>Bei diversen Influencern dieser Bewegung kann verfolgt werden, wie der Feminismus als Feindbild aufgebaut wird, weil er angeblich die \u201enat\u00fcrliche\u201c Ordnung der Geschlechter zerst\u00f6ren will. Aber was hier wirklich verteidigt wird, ist nichts anderes als ein Patriarchat, das Frauen weiter zur\u00fcck in die Abh\u00e4ngigkeit, das ausgeliefert Sein, die gewaltvollen Strukturen dr\u00e4ngen will, aus denen sich in den letzten 100 Jahren herausgek\u00e4mpft wurde.<\/p>\n<p>Nehmen wir als Beispiel jemanden wie Arne H. von MANNdat, der sich in den Medien gerne als K\u00e4mpfer f\u00fcr vermeintlich Entrechtete und die psychische Gesundheit von Kindern nach Trennungen inszeniert.\u00a0 In seiner verzerrte Weltsicht sind M\u00e4nner die ewige Opfer und Frauen die Schuldige. M\u00e4nner wie er sind ein Sinnbild und Verst\u00e4rker daf\u00fcr, wie weit die V\u00e4terrechtsbewegung in gef\u00e4hrliche, rechtsradikale Gefilde bereits vorgedrungen ist. Sie verbreiten die Vorstellung, dass M\u00e4nner in unserer Gesellschaft systematisch benachteiligt w\u00fcrden \u2013 ein Unsinn, der nur dazu dient, den Hass auf feministische Initiativen und Frauen zu sch\u00fcren.<\/p>\n<p>Der aggressive Antifeminismus dieser Bewegung r\u00fchrt aus einer tiefen Verunsicherung der m\u00e4nnlichen Identit\u00e4t her. Diese M\u00e4nner sehen sich selbst als Opfer und greifen den Feminismus an, weil er ihre patriarchale Macht infrage stellt. Diese Bewegung ist Teil eines breiteren, reaktion\u00e4ren Projekts, das darauf abzielt, jegliche Kontrolle \u00fcber Frauen zur\u00fcckzugewinnen \u2013 eine Kontrolle, die durch feministische Errungenschaften endlich infrage gestellt wurde.<br \/>\nWie Arne H., der bereits in seinem ersten m\u00e4nnerpolitischem Buch erkl\u00e4rt: \u201eTats\u00e4chlich wird immer mehr M\u00e4nnern das eigentliche Problem klar: dass die Frauenbewegung es mit der Emanzipation nicht ernst genug meint\u201c.<\/p>\n<p>H. setzt den Entzug von Umgang mit den eigenen Kindern in Trennungsf\u00e4llen in Deutschland, der selbst in Situationen, in denen der Mann gewaltt\u00e4tig gegen\u00fcber der Mutter war und ist h\u00e4ufig nicht durchgesetzt wird, mit eigenen fixen Ideen gleich.<br \/>\nUnteranderem der Genderzid, also die massenhafte geschlechtspeziefische Ermordung von M\u00e4nnern und Jungen, wie er sie in jeder kriegerischen Auseinandersetzung als Angriff auf M\u00e4nner an und f\u00fcr sich sieht, w\u00e4hrend der sexuelle Gewalt, Verschleppung und t\u00f6tliche Gewalt gegen Frauen und M\u00e4dchen klein redet.<\/p>\n<p>Diese Verbindungen zwischen V\u00e4terrechtsbewegung und Rechtsradikalismus sind kein Zufall \u2013 sie sind das logische Ergebnis einer Ideologie, die die Freiheit und den Subjektstatus von Frauen als Bedrohung empfindet.<\/p>\n<p>Lasst uns kein Blatt vor den Mund nehmen: Diese Bewegung ist gef\u00e4hrlich. Sie ist nicht nur antifeministisch, sondern auch zutiefst reaktion\u00e4r und autorit\u00e4r. Sie will die Uhr zur\u00fcckdrehen, Frauenrechte beschneiden und unsere Gesellschaft in ein d\u00fcsteres, patriarchales Zeitalter zur\u00fcckf\u00fchren. Das d\u00fcrfen wir nicht zulassen. Es ist unsere Pflicht, diese gef\u00e4hrlichen Str\u00f6mungen offen zu benennen und ihnen entschieden entgegenzutreten.<\/p>\n<p>Unsere Gesellschaft darf nicht von denen zur\u00fcck in die Vergangenheit gezwungen werden, die ihre eigene Macht und Kontrolle \u00fcber andere Menschen verloren haben. Der Feminismus stellt diese Machtverh\u00e4ltnisse infrage, und genau deshalb wird er angegriffen, wie weitere Bewegungen, die auf die Befreiung des Inividuums abzielen.<\/p>\n<p>Wir stehen hier heute, um klarzumachen: Wir lassen uns diese Fortschritte nicht nehmen, im Gegenteil:<br \/>\nWir streben nach noch viel mehr. Wir k\u00e4mpfen weiter \u2013 f\u00fcr Freiheit und gegen jeden Versuch, uns zu unterdr\u00fccken.<\/p>\n","protected":false},"excerpt":{"rendered":"<p>Zu diesem Eintrag bei Chronik.Le &#8211; https:\/\/chronikle.org\/ereignisse\/grosses-werbebanner-fuer-vaeterrechtler-kampagne Wurde auf der antifaschistischen Fahrradtour des Ladenschlussb\u00fcndnis folgender Redebeitrag gehalten: Wir m\u00fcssen heute dringend \u00fcber eine Bewegung sprechen, die unter dem Deckmantel der Gleichheit eine zutiefst gef\u00e4hrliche Ideologie verbreitet: die V\u00e4terrechtsbewegung in Deutschland. Was sich selbst hier als Kampf f\u00fcr Gerechtigkeit und Gleichberechtigung verkauft, ist in Wahrheit ein [&hellip;]<\/p>\n","protected":false},"author":2,"featured_media":2662,"comment_status":"closed","ping_status":"open","sticky":false,"template":"","format":"standard","meta":{"footnotes":""},"categories":[1],"tags":[],"class_list":["post-2661","post","type-post","status-publish","format-standard","has-post-thumbnail","hentry","category-allgemein"],"_links":{"self":[{"href":"https:\/\/www.rassismus-toetet-leipzig.org\/index.php\/wp-json\/wp\/v2\/posts\/2661","targetHints":{"allow":["GET"]}}],"collection":[{"href":"https:\/\/www.rassismus-toetet-leipzig.org\/index.php\/wp-json\/wp\/v2\/posts"}],"about":[{"href":"https:\/\/www.rassismus-toetet-leipzig.org\/index.php\/wp-json\/wp\/v2\/types\/post"}],"author":[{"embeddable":true,"href":"https:\/\/www.rassismus-toetet-leipzig.org\/index.php\/wp-json\/wp\/v2\/users\/2"}],"replies":[{"embeddable":true,"href":"https:\/\/www.rassismus-toetet-leipzig.org\/index.php\/wp-json\/wp\/v2\/comments?post=2661"}],"version-history":[{"count":4,"href":"https:\/\/www.rassismus-toetet-leipzig.org\/index.php\/wp-json\/wp\/v2\/posts\/2661\/revisions"}],"predecessor-version":[{"id":2665,"href":"https:\/\/www.rassismus-toetet-leipzig.org\/index.php\/wp-json\/wp\/v2\/posts\/2661\/revisions\/2665"}],"wp:featuredmedia":[{"embeddable":true,"href":"https:\/\/www.rassismus-toetet-leipzig.org\/index.php\/wp-json\/wp\/v2\/media\/2662"}],"wp:attachment":[{"href":"https:\/\/www.rassismus-toetet-leipzig.org\/index.php\/wp-json\/wp\/v2\/media?parent=2661"}],"wp:term":[{"taxonomy":"category","embeddable":true,"href":"https:\/\/www.rassismus-toetet-leipzig.org\/index.php\/wp-json\/wp\/v2\/categories?post=2661"},{"taxonomy":"post_tag","embeddable":true,"href":"https:\/\/www.rassismus-toetet-leipzig.org\/index.php\/wp-json\/wp\/v2\/tags?post=2661"}],"curies":[{"name":"wp","href":"https:\/\/api.w.org\/{rel}","templated":true}]}}