{"id":2654,"date":"2024-07-05T15:00:05","date_gmt":"2024-07-05T13:00:05","guid":{"rendered":"https:\/\/www.rassismus-toetet-leipzig.org\/?p=2654"},"modified":"2024-07-05T15:00:05","modified_gmt":"2024-07-05T13:00:05","slug":"militanten-antifaschismus-verteidigen","status":"publish","type":"post","link":"https:\/\/www.rassismus-toetet-leipzig.org\/index.php\/militanten-antifaschismus-verteidigen\/","title":{"rendered":"Militanten Antifaschismus verteidigen."},"content":{"rendered":"<p>Unser:e Genoss:in Maja wurde letzte Woche durch die deutschen Repressionsbeh\u00f6rden in einer Nacht- und Nebelaktion an das neo-faschistische Regime in Ungarn ausgeliefert. Bereits seit Dezember letzten Jahres sa\u00df Maja in Dresden in U-Haft. Damals wie heute lautet unsere Forderung: #FreeMaja! #FreeAllAntifas! Kommt deshalb am 06.07. um 15 Uhr in den \u201eAntifa bleibt Handarbeit\u201c-Block auf der <a href=\"https:\/\/www.basc.news\/06-07-freemaja-demonstration-leipzig\/\">#noeXtradition \u2013 Demonstration am Bayerischen Platz<\/a> und tut eure Solidarit\u00e4t mit Maja und allen verfolgten Antifaschist:innen kund!<\/p>\n<blockquote><p><strong>I did it with my heart because it wasn\u2019t something that was ordered to me. It was my initiative because I thought that the partisans were fighting for a right cause.&#8220; <\/strong><\/p>\n<p><strong>Francesco Bertacchini \u201cVolpe\u201d<\/strong><\/p><\/blockquote>\n<p>Rechtsstaatliche Verfahren und Spielregeln in Deutschland, Ungarn oder der EU einzufordern, f\u00e4llt uns schwer. Wir verstehen wieso Angeh\u00f6rige, Anw\u00e4lt:innen oder Soligruppen dies tun und an eine erhoffte Restvernunft appellieren, jedoch k\u00f6nnen wir, als antifaschistische Gruppe das nicht. Die Vielzahl an staatlichen Verstrickungen in rechtsradikale Netzwerke und die v\u00f6llig absurden Urteile der vergangenen Jahrzehnte machen dies unm\u00f6glich. Sei es der Mord an Oury Jalloh, die Unterst\u00fctzung des NSU auf so vielen Ebenen, Nordkreuz, die Farce bei den Prozessen zu den rechten Angriffen 2018 in Chemnitz, das Verhalten der Beh\u00f6rden angesichts des rechten Terrors in Hanau mit einem SEK in rechten Chatgruppen und Netzwerken\u2026 wir k\u00f6nnten diese Aufz\u00e4hlung beliebig lange fortf\u00fchren. Die Gewalt, der Terror hat in der BRD, wie \u00fcberall sonst auch, System.<\/p>\n<p>Auf Staaten, die faschistische M\u00f6rder:innen nicht nur gew\u00e4hren lassen, sondern auch unterst\u00fctzen und in jeder staatlichen Instanz und Beh\u00f6rde besch\u00e4ftigen, ausbilden und ausr\u00fcsten, kann sich in Bezug auf moralisch richtiges und notwendiges Handeln sowie jegliche Form von Gerechtigkeit nicht verlassen werden. Gerade deshalb sehen wir die Notwendigkeit von Formen militanten Aktionismus\u00b4 und ungebrochener Solidarit\u00e4t mit Genoss:innen, die mit hohen Risiken f\u00fcr sich selbst die Gesellschaft f\u00fcr uns alle verbessern, ohne das ein Gro\u00dfteil dieser dies anerkennen w\u00fcrde. Die Kriminalisierung antifaschistischer Arbeit ist zwar etwas, was im post-nationalsozialistischem Deutschland erwartet werden muss, diese aber deshalb nicht weniger wichtig und richtig macht, auch wenn Volk und Staat gegen Antifaschist:innen mobil machen. Der Kampf f\u00fcr eine befreite Gesellschaft f\u00fcr alle war, ist und bleibt auch immer einer, gegen die vorherrschenden Ideologien und ihre Anh\u00e4nger:innen und verwirklichende Institutionen.<\/p>\n<p>Im letzten Jahr wurden Antifaschist:innen im Antifa Ost \u2013 Prozess f\u00fcr einen Angriff auf einen Neonazi in Connewitz verurteilt, einzig auf der Grundlage, dass ihr Wohnort im Stadtteil ist, mehr \u201eBeweise\u201c bedurfte es nicht. Nein, wir haben keinerlei Vertrauen in ein rechtsstaatliches Verfahren, nicht hier oder sonst wo. Es geht hier nicht nur um das Beklagen einzelner staatlicher Handlungen, die man insbesondere als gesetzestreuer Mensch f\u00fcr besonders ungesetzlich halten kann.<\/p>\n<p>Wir vertrauen vielmehr darauf, dass wer auch immer sich entscheidet, militant gegen Faschisten vor zu gehen, dies nicht grundlos tut und sich auch mit den Folgen besch\u00e4ftigt. All jene die es tun, erhalten unsere Solidarit\u00e4t und wir fordern euch dazu auf, auch hinter ihnen zu stehen.<br \/>\nDenn wir setzen auf eine antifaschistische Bewegung, die f\u00fcr staatlich verfolgte Antifaschist:innen einsteht und diese und ihre Angeh\u00f6rigen und Freund:innen unterst\u00fctzt. Wenn wir unsere Politik ernst nehmen, d\u00fcrfen wir die Spaltung in \u201eguten\u201c und \u201eb\u00f6sen\u201c Antifaschismus \u2013 einen staatskonformen und einen konsequenten \u2013 nicht akzeptieren. Es geht um die Bedingungen linksradikaler, gesellschaftskritischer und subversiver Interventionen. Es geht um den Selbstanspruch linker Politik. Und es geht um die M\u00f6glichkeiten, ihre Standpunkte weiterhin zu artikulieren: Militanz bleibt ein legitimes und notwendiges Mittel.<\/p>\n<p>Solidarit\u00e4t mit allen Antifaschist:innen \u2013 in den Kn\u00e4sten und \u00fcberall!<br \/>\nFreiheit und Gl\u00fcck f\u00fcr alle Antifas!<br \/>\nSiempre Antifascista!<\/p>\n","protected":false},"excerpt":{"rendered":"<p>Unser:e Genoss:in Maja wurde letzte Woche durch die deutschen Repressionsbeh\u00f6rden in einer Nacht- und Nebelaktion an das neo-faschistische Regime in Ungarn ausgeliefert. Bereits seit Dezember letzten Jahres sa\u00df Maja in Dresden in U-Haft. Damals wie heute lautet unsere Forderung: #FreeMaja! #FreeAllAntifas! Kommt deshalb am 06.07. um 15 Uhr in den \u201eAntifa bleibt Handarbeit\u201c-Block auf der [&hellip;]<\/p>\n","protected":false},"author":2,"featured_media":2655,"comment_status":"closed","ping_status":"open","sticky":false,"template":"","format":"standard","meta":{"footnotes":""},"categories":[9,1],"tags":[],"class_list":["post-2654","post","type-post","status-publish","format-standard","has-post-thumbnail","hentry","category-aktuelles","category-allgemein"],"_links":{"self":[{"href":"https:\/\/www.rassismus-toetet-leipzig.org\/index.php\/wp-json\/wp\/v2\/posts\/2654","targetHints":{"allow":["GET"]}}],"collection":[{"href":"https:\/\/www.rassismus-toetet-leipzig.org\/index.php\/wp-json\/wp\/v2\/posts"}],"about":[{"href":"https:\/\/www.rassismus-toetet-leipzig.org\/index.php\/wp-json\/wp\/v2\/types\/post"}],"author":[{"embeddable":true,"href":"https:\/\/www.rassismus-toetet-leipzig.org\/index.php\/wp-json\/wp\/v2\/users\/2"}],"replies":[{"embeddable":true,"href":"https:\/\/www.rassismus-toetet-leipzig.org\/index.php\/wp-json\/wp\/v2\/comments?post=2654"}],"version-history":[{"count":2,"href":"https:\/\/www.rassismus-toetet-leipzig.org\/index.php\/wp-json\/wp\/v2\/posts\/2654\/revisions"}],"predecessor-version":[{"id":2818,"href":"https:\/\/www.rassismus-toetet-leipzig.org\/index.php\/wp-json\/wp\/v2\/posts\/2654\/revisions\/2818"}],"wp:featuredmedia":[{"embeddable":true,"href":"https:\/\/www.rassismus-toetet-leipzig.org\/index.php\/wp-json\/wp\/v2\/media\/2655"}],"wp:attachment":[{"href":"https:\/\/www.rassismus-toetet-leipzig.org\/index.php\/wp-json\/wp\/v2\/media?parent=2654"}],"wp:term":[{"taxonomy":"category","embeddable":true,"href":"https:\/\/www.rassismus-toetet-leipzig.org\/index.php\/wp-json\/wp\/v2\/categories?post=2654"},{"taxonomy":"post_tag","embeddable":true,"href":"https:\/\/www.rassismus-toetet-leipzig.org\/index.php\/wp-json\/wp\/v2\/tags?post=2654"}],"curies":[{"name":"wp","href":"https:\/\/api.w.org\/{rel}","templated":true}]}}