{"id":2652,"date":"2024-07-04T18:28:25","date_gmt":"2024-07-04T16:28:25","guid":{"rendered":"https:\/\/www.rassismus-toetet-leipzig.org\/?p=2652"},"modified":"2024-07-05T14:52:08","modified_gmt":"2024-07-05T12:52:08","slug":"rede-zur-gedenkveranstaltung-fuer-nuno-lourenco","status":"publish","type":"post","link":"https:\/\/www.rassismus-toetet-leipzig.org\/index.php\/rede-zur-gedenkveranstaltung-fuer-nuno-lourenco\/","title":{"rendered":"Rede zur Gedenkveranstaltung f\u00fcr Nuno Louren\u00e7o"},"content":{"rendered":"<p>Wir dokumentieren unsere Rede, die wir gerne am 4. Juli 2024 gehalten h\u00e4tten, aber aus unterschiedlchen Gr\u00fcnden nicht halten konnten:<\/p>\n<div id=\"magicdomid4\" class=\"ace-line\" aria-live=\"assertive\"><span class=\"author-a-uz90zuz77zxb8tz89zibjz88zmdz78z\">Hallo wir sind Gruppe &#8222;Rassismus t\u00f6tet!&#8220;\u00a0 aus Leipzig und freuen uns sehr heute hier sein zu d\u00fcrfen. Seit \u00fcber zehn Jahren besch\u00e4ftigen wir uns mit Todesopfern rechter Gewalt in Leipzig und Umgebung. In dieser Zeit haben wir viele Gedenkveranstaltungen ver<\/span><span class=\"author-a-hz122zz79zz86zligz78z4tz82zz87z79z65zl\">anstaltet, wie 2017 hier in Gaschwitz<\/span><span class=\"author-a-uz90zuz77zxb8tz89zibjz88zmdz78z\">, unz\u00e4hlige Stunden recherchiert, verschiedene Texte ver\u00f6ffentlicht, eine Ausstellung konzipiert und an verschiedenen Orten in Leipzig gezeigt. Dieses Jahr wird die \u00fcberarbeitete Ausstellung er\u00f6ffnet, dar\u00fcber hinaus planen wir mit verschiedenen anderen Initiativen und Personen eine interaktive Gedenkwebseite. <\/span><span class=\"author-a-hz122zz79zz86zligz78z4tz82zz87z79z65zl\">Wir wollen damit zu einer weiteren gesellschaftlichen Auseinandersetzung mit den Taten und den menschenverachtenden Ideologien, wie Rassismus anregen.<\/span><\/div>\n<div id=\"magicdomid5\" class=\"ace-line\" aria-live=\"assertive\"><span class=\"author-a-uz90zuz77zxb8tz89zibjz88zmdz78z\">\u00a0<\/span><\/div>\n<div id=\"magicdomid6\" class=\"ace-line\" aria-live=\"assertive\"><span class=\"author-a-uz90zuz77zxb8tz89zibjz88zmdz78z\">Am 4. Juli 1998 verbrachte Nuno Louren<\/span><span class=\"author-a-hz122zz79zz86zligz78z4tz82zz87z79z65zl\">\u00e7<\/span><span class=\"author-a-uz90zuz77zxb8tz89zibjz88zmdz78z\">o, weit weg von seiner Familie in Portugal, seinen <\/span><span class=\"author-a-hz122zz79zz86zligz78z4tz82zz87z79z65zl\">49<\/span><span class=\"author-a-uz90zuz77zxb8tz89zibjz88zmdz78z\"> Geburtstag <\/span><span class=\"author-a-hz122zz79zz86zligz78z4tz82zz87z79z65zl\">hier in Sachsen<\/span><span class=\"author-a-uz90zuz77zxb8tz89zibjz88zmdz78z\">. Es sollte sein letzter bleiben, denn Nuno wurde hier in Gaschwitz von Rassisten brutal angegriffen und erlag ein halbes Jahr sp\u00e4ter seinen schweren Verletzungen<\/span><span class=\"author-a-hz122zz79zz86zligz78z4tz82zz87z79z65zl\"> in Portugal<\/span><span class=\"author-a-uz90zuz77zxb8tz89zibjz88zmdz78z\">.\u00a0<\/span><\/div>\n<div id=\"magicdomid7\" class=\"ace-line\" aria-live=\"assertive\"><span class=\"author-a-uz90zuz77zxb8tz89zibjz88zmdz78z\">\u00a0<\/span><\/div>\n<div id=\"magicdomid8\" class=\"ace-line\" aria-live=\"assertive\"><span class=\"author-a-uz90zuz77zxb8tz89zibjz88zmdz78z\">Nuno Louren<\/span><span class=\"author-a-hz122zz79zz86zligz78z4tz82zz87z79z65zl\">\u00e7<\/span><span class=\"author-a-uz90zuz77zxb8tz89zibjz88zmdz78z\">o kam aus einem kleinen Dorf in Portugal, war in prek\u00e4ren Verh\u00e4ltnissen aufgewachsen und musste schon fr\u00fch in der Ferne Arbeit suchen um sich und seine Familie versorgen zu k\u00f6nnen. Seine Ehefrau Emilia und seine zwei S\u00f6hne beschrieben ihn als liebevollen Familienvater.\u00a0<\/span><\/div>\n<div id=\"magicdomid9\" class=\"ace-line\" aria-live=\"assertive\"><span class=\"author-a-uz90zuz77zxb8tz89zibjz88zmdz78z\">\u00a0<\/span><\/div>\n<div id=\"magicdomid10\" class=\"ace-line\" aria-live=\"assertive\"><span class=\"author-a-uz90zuz77zxb8tz89zibjz88zmdz78z\">Er kam wie<\/span><span class=\"author-a-uz90zuz77zxb8tz89zibjz88zmdz78z\"> viele andere Gastarbeiter nach Deutschland. Er <\/span><span class=\"author-a-hz122zz79zz86zligz78z4tz82zz87z79z65zl\">arbeitete<\/span><span class=\"author-a-uz90zuz77zxb8tz89zibjz88zmdz78z\"> in Leipzig auf der Gro\u00dfbaustelle der neu entstehenden Mediacity des MDRs. Dort arbeitete er als Zimmermann und lebte in einer Unterkunft in Gro\u00dfdeuben.<\/span><\/div>\n<div id=\"magicdomid11\" class=\"ace-line\" aria-live=\"assertive\"><span class=\"author-a-uz90zuz77zxb8tz89zibjz88zmdz78z\">\u00a0<\/span><\/div>\n<div id=\"magicdomid12\" class=\"ace-line\" aria-live=\"assertive\"><span class=\"author-a-uz90zuz77zxb8tz89zibjz88zmdz78z\">An dem Abend waren Nuno und seine Kollegen in Gaschwitz unterwegs, als sie von den T\u00e4tern angegriffen wurden. Seine Kollegen konnten fliehen, Nuno Louren<\/span><span class=\"author-a-hz122zz79zz86zligz78z4tz82zz87z79z65zl\">\u00e7<\/span><span class=\"author-a-uz90zuz77zxb8tz89zibjz88zmdz78z\">o wurde festgehalten und mit Eisenketten und Springerstiefelen traktiert. Schwerverletzt wurde er in eine Klinik eingeliefert.\u00a0<\/span><\/div>\n<div id=\"magicdomid13\" class=\"ace-line\" aria-live=\"assertive\"><\/div>\n<div id=\"magicdomid14\" class=\"ace-line\" aria-live=\"assertive\"><span class=\"author-a-uz90zuz77zxb8tz89zibjz88zmdz78z\">Es war der 4. Juli und Deutschland verlor im Achtelfinale der <\/span><span class=\"author-a-hz122zz79zz86zligz78z4tz82zz87z79z65zl\">Fu\u00dfball-<\/span><span class=\"author-a-uz90zuz77zxb8tz89zibjz88zmdz78z\">WM 1998 gegen Kroatien 0:3. Dies gen\u00fcgte den T\u00e4tern als Motiv ihres Angriffes, ihre nationale Ehre gekr\u00e4nkt, suchten sie die vermeintlichen Verursacher. <\/span><\/div>\n<div class=\"ace-line\" aria-live=\"assertive\"><span class=\"author-a-hz122zz79zz86zligz78z4tz82zz87z79z65zl\">Nachdem sie das Fu\u00dfballspiel im Bowlingzentrum Markkleeberg geschaut hatten, <\/span><span class=\"author-a-uz90zuz77zxb8tz89zibjz88zmdz78z\">wollten<\/span><span class=\"author-a-hz122zz79zz86zligz78z4tz82zz87z79z65zl\"> sie<\/span><span class=\"author-a-uz90zuz77zxb8tz89zibjz88zmdz78z\"> \u201eAusl\u00e4nder hacken\u201c<\/span><span class=\"author-a-hz122zz79zz86zligz78z4tz82zz87z79z65zl\">, wie einer der T\u00e4ter aussagte.<\/span> <span class=\"author-a-hz122zz79zz86zligz78z4tz82zz87z79z65zl\">L<\/span><span class=\"author-a-uz90zuz77zxb8tz89zibjz88zmdz78z\">etztendlich <\/span><span class=\"author-a-hz122zz79zz86zligz78z4tz82zz87z79z65zl\">verletzten und <\/span><span class=\"author-a-uz90zuz77zxb8tz89zibjz88zmdz78z\">t\u00f6teten sie Nuno. Einer der T\u00e4ter prallte sp\u00e4ter damit, dass wenn er ein Messer gehabt h\u00e4tte, h\u00e4tte er Nuno \u201eabgestochen\u201c. Ihr Weltbild<\/span><span class=\"author-a-hz122zz79zz86zligz78z4tz82zz87z79z65zl\"> war<\/span><span class=\"author-a-uz90zuz77zxb8tz89zibjz88zmdz78z\"> durchdrungen von Nationalismus und Rassismus, ihr Feindbild \u201edie Ausl\u00e4nder\u201c.\u00a0<\/span><\/div>\n<div id=\"magicdomid15\" class=\"ace-line\" aria-live=\"assertive\"><span class=\"author-a-uz90zuz77zxb8tz89zibjz88zmdz78z\">\u00a0<\/span><\/div>\n<div id=\"magicdomid16\" class=\"ace-line\" aria-live=\"assertive\"><span class=\"author-a-uz90zuz77zxb8tz89zibjz88zmdz78z\">Auch dieses Jahr findet wieder ein Fu\u00dfball-Gro\u00dfereigniss statt \u2013 die Europameisterschaft. Diesmal ist Leipzig auch ein Austragungsort. Immer wieder kommt es im Rahmen von Fu\u00dfball-Gro\u00dfveranstaltungen zu rassistisch-motivierten \u00c4u\u00dferungen und Angriffen. Auch w\u00e4hrend des sog. \u201edeutschen Sommerm\u00e4rchens\u201c 2006 lie\u00df sich eine H\u00e4ufung von diskriminierenden Straftaten feststellen. Die h\u00e4sslichen Seiten d<\/span><span class=\"author-a-hz122zz79zz86zligz78z4tz82zz87z79z65zl\">ieses als<\/span><span class=\"author-a-uz90zuz77zxb8tz89zibjz88zmdz78z\"> harmlosen \u201ePartypatriotismus\u201c<\/span><span class=\"author-a-hz122zz79zz86zligz78z4tz82zz87z79z65zl\"> bezeichneten Events<\/span><span class=\"author-a-uz90zuz77zxb8tz89zibjz88zmdz78z\"> bleiben aber weit weniger in Erinnerung als bunte Fu\u00dfballbilder.<\/span><\/div>\n<div id=\"magicdomid17\" class=\"ace-line\" aria-live=\"assertive\"><\/div>\n<div id=\"magicdomid18\" class=\"ace-line\" aria-live=\"assertive\"><span class=\"author-a-uz90zuz77zxb8tz89zibjz88zmdz78z\">F\u00fcr die sp\u00e4ter ermittelnde Staatsanwaltschaft<\/span><span class=\"author-a-hz122zz79zz86zligz78z4tz82zz87z79z65zl\"> Leipzig<\/span><span class=\"author-a-uz90zuz77zxb8tz89zibjz88zmdz78z\"> war das Tatmotiv \u201eAusl\u00e4nderfeindlichkeit\u201c klar. Sp\u00e4ter erhob sie Anklage f\u00fcr versuchten Totschlag bzw. gef\u00e4hrliche K\u00f6rperverletzung. Bei der Urteilsverk\u00fcndung am 20. September 1999 stellte das Gericht nach mehreren Monaten zwar fest, dass Nuno Louren\u00e7o an den Folgen der Tat gestorben sei, doch sei es nicht nachweisbar, dass die Angeklagten seinen Tod billigend in Kauf genommen oder mit Vorsatz gehandelt h\u00e4tten. Andreas Sch. wurde zu einer Jugendstrafe von vier Jahren verurteilt, seine Mitt\u00e4ter erhielten Bew\u00e4hrungsstrafen und gemeinn\u00fctzige Arbeitsstunden. Gleichzeitig wurde darauf verzichtete den angeklagten Neonazis die Kosten des Verfahrens aufzuerlegen. Damit verschuldete sich die Witwe Noemia Louren\u00e7o mit \u00fcber 17.500 Euro, da sie als Nebenkl\u00e4gerin f\u00fcr die Unterbringung und Fahrtkosten der Zeugen*innen aus Portugal aufkommen musste \u2013 ein Skandal der keiner war, da es fast niemanden<\/span><span class=\"author-a-hz122zz79zz86zligz78z4tz82zz87z79z65zl\"> in Sachsen <\/span><span class=\"author-a-uz90zuz77zxb8tz89zibjz88zmdz78z\">interessierte.<\/span><\/div>\n<div id=\"magicdomid19\" class=\"ace-line\" aria-live=\"assertive\"><\/div>\n<div id=\"magicdomid20\" class=\"ace-line\" aria-live=\"assertive\"><span class=\"author-a-uz90zuz77zxb8tz89zibjz88zmdz78z\">Lange wurde Louren<\/span><span class=\"author-a-hz122zz79zz86zligz78z4tz82zz87z79z65zl\">\u00e7<\/span><span class=\"author-a-uz90zuz77zxb8tz89zibjz88zmdz78z\">o auch nicht staatlich als Todesopfer rechter Gewalt <\/span><span class=\"author-a-hz122zz79zz86zligz78z4tz82zz87z79z65zl\">offiziell <\/span><span class=\"author-a-uz90zuz77zxb8tz89zibjz88zmdz78z\">anerkannt. Erst 2009 ganze 10 Jahre sp\u00e4ter kam <\/span><span class=\"author-a-hz122zz79zz86zligz78z4tz82zz87z79z65zl\">die <\/span><span class=\"author-a-uz90zuz77zxb8tz89zibjz88zmdz78z\">Anerkennung: Nuno Louren<\/span><span class=\"author-a-hz122zz79zz86zligz78z4tz82zz87z79z65zl\">\u00e7<\/span><span class=\"author-a-uz90zuz77zxb8tz89zibjz88zmdz78z\">o <\/span><span class=\"author-a-hz122zz79zz86zligz78z4tz82zz87z79z65zl\">wird als eines von 109<\/span><span class=\"author-a-uz90zuz77zxb8tz89zibjz88zmdz78z\"> Todesopfer rechter Gewalt<\/span><span class=\"author-a-hz122zz79zz86zligz78z4tz82zz87z79z65zl\"> seit 1990 von den Beh\u00f6rden aufgef\u00fchrt<\/span><span class=\"author-a-uz90zuz77zxb8tz89zibjz88zmdz78z\">. Diese nachtr\u00e4gliche Anerkennung ist nicht nur wichtig f\u00fcr die Sichtbarmachung rechter Gewalt<\/span><span class=\"author-a-hz122zz79zz86zligz78z4tz82zz87z79z65zl\"> in Deutschland<\/span><span class=\"author-a-uz90zuz77zxb8tz89zibjz88zmdz78z\">, sondern er\u00f6ffnet auch den Hinterbliebenen die M\u00f6glichkeit auf Entsch\u00e4digung, die gerade im Fall der Familie Lourenco so bittern\u00f6tig war.\u00a0<\/span><\/div>\n<div id=\"magicdomid21\" class=\"ace-line\" aria-live=\"assertive\"><\/div>\n<div id=\"magicdomid22\" class=\"ace-line\" aria-live=\"assertive\"><span class=\"author-a-uz90zuz77zxb8tz89zibjz88zmdz78z\">Bis heute erinnert sehr wenig an Nuno Louren<\/span><span class=\"author-a-hz122zz79zz86zligz78z4tz82zz87z79z65zl\">\u00e7<\/span><span class=\"author-a-uz90zuz77zxb8tz89zibjz88zmdz78z\">o und andere Todesopfer rechter Gewalt in Leipzig und Umgebung. Umso froher macht es uns, dass ihr und wir heute hier s<\/span><span class=\"author-a-z88zyz74zkz88zz83zhz79z8jomh93t\">ind<\/span><span class=\"author-a-uz90zuz77zxb8tz89zibjz88zmdz78z\"> und das es in den letzten Jahren eine kontinuierliche Erinnerungsarbeit in Gaschwitz gibt, die Nuno Louren<\/span><span class=\"author-a-hz122zz79zz86zligz78z4tz82zz87z79z65zl\">\u00e7<\/span><span class=\"author-a-uz90zuz77zxb8tz89zibjz88zmdz78z\">o nicht in Vergessenheit <\/span><span class=\"author-a-hz122zz79zz86zligz78z4tz82zz87z79z65zl\">geraten<\/span> <span class=\"author-a-hz122zz79zz86zligz78z4tz82zz87z79z65zl\">l\u00e4sst<\/span><span class=\"author-a-uz90zuz77zxb8tz89zibjz88zmdz78z\">.\u00a0<\/span><\/div>\n<div id=\"magicdomid23\" class=\"ace-line\" aria-live=\"assertive\"><span class=\"author-a-uz90zuz77zxb8tz89zibjz88zmdz78z\">\u00a0<\/span><\/div>\n<div id=\"magicdomid24\" class=\"ace-line\" aria-live=\"assertive\"><span class=\"author-a-uz90zuz77zxb8tz89zibjz88zmdz78z\">Denn unser Gedenken muss sich gegen das Vergessen richten, denn wenn die Opfer rechter Gewalt in Vergessenheit geraten, dann waren die T\u00e4ter erfolgreich darin, sie zum Verschwinden zu bringen. Unser Gedenken muss sich auch gegen die dauernde Entpolitisierung rechter Taten und gegen die Geschichtslosigkeit der st\u00e4ndigen \u00dcberraschungen richten. Rechte Gewalt ist und bleibt bis heute ein gesellschaftliches Problem, die T\u00e4ter von gestern leben teils hier in Gaschwitz ungest\u00f6rt ihr Leben, w\u00e4hrend das Leben Nunos nicht mehr ist. Unser <\/span><span class=\"author-a-hz122zz79zz86zligz78z4tz82zz87z79z65zl\">Gedenken<\/span><span class=\"author-a-uz90zuz77zxb8tz89zibjz88zmdz78z\"> erinnert auch an das Leid der Hinterbliebenen, an das Versagen der deutschen Justiz und seiner Beamten und das ausbleiben einer gesellschaftlichen Auseinandersetzung<\/span><span class=\"author-a-hz122zz79zz86zligz78z4tz82zz87z79z65zl\"> mit den Ideologien wie Rassismus<\/span><span class=\"author-a-uz90zuz77zxb8tz89zibjz88zmdz78z\">. Wir wissen, dass<\/span><span class=\"author-a-hz122zz79zz86zligz78z4tz82zz87z79z65zl\"> die Ermordung von<\/span><span class=\"author-a-uz90zuz77zxb8tz89zibjz88zmdz78z\"> Nuno Louren<\/span><span class=\"author-a-hz122zz79zz86zligz78z4tz82zz87z79z65zl\">\u00e7<\/span><span class=\"author-a-uz90zuz77zxb8tz89zibjz88zmdz78z\">o kein Einzelfall ist und auch keine Tat betrunkener Fu\u00dfballfans. <\/span><span class=\"author-a-hz122zz79zz86zligz78z4tz82zz87z79z65zl\">In Sachsen wurden seit 1990 mindestens 17 Menschen von Neonazis ermordet, hinzu kommen 8 Verdachtsf\u00e4lle. Die Mehrheit von ihnen wurde in und um Leipzig get\u00f6tet.\u00a0<\/span><\/div>\n<div id=\"magicdomid25\" class=\"ace-line\" aria-live=\"assertive\"><\/div>\n<div id=\"magicdomid26\" class=\"ace-line\" aria-live=\"assertive\"><span class=\"author-a-hz122zz79zz86zligz78z4tz82zz87z79z65zl\">Erinnert daran, wie heute hier bei der Veranstaltung, wird dagegen selten. All diese Menschen sind nicht mehr unter uns, weil die T\u00e4ter ihre menschenverachtende Ideologien nicht nur propagierten, sondern in die Tat umsetzten. <\/span><span class=\"author-a-uz90zuz77zxb8tz89zibjz88zmdz78z\">All das werden wir nicht vergessen. <\/span><span class=\"author-a-hz122zz79zz86zligz78z4tz82zz87z79z65zl\">Wir d\u00fcrfen jedoch nicht im blo\u00dfen erinnern verharren, sondern mussen aktiv werden gegen Rassismus, rechte Gewalt und Faschismus.<\/span><\/div>\n<div id=\"magicdomid27\" class=\"ace-line\" aria-live=\"assertive\"><\/div>\n","protected":false},"excerpt":{"rendered":"<p>Wir dokumentieren unsere Rede, die wir gerne am 4. Juli 2024 gehalten h\u00e4tten, aber aus unterschiedlchen Gr\u00fcnden nicht halten konnten: Hallo wir sind Gruppe &#8222;Rassismus t\u00f6tet!&#8220;\u00a0 aus Leipzig und freuen uns sehr heute hier sein zu d\u00fcrfen. Seit \u00fcber zehn Jahren besch\u00e4ftigen wir uns mit Todesopfern rechter Gewalt in Leipzig und Umgebung. In dieser Zeit [&hellip;]<\/p>\n","protected":false},"author":2,"featured_media":1787,"comment_status":"closed","ping_status":"open","sticky":false,"template":"","format":"standard","meta":{"footnotes":""},"categories":[9,1],"tags":[],"class_list":["post-2652","post","type-post","status-publish","format-standard","has-post-thumbnail","hentry","category-aktuelles","category-allgemein"],"_links":{"self":[{"href":"https:\/\/www.rassismus-toetet-leipzig.org\/index.php\/wp-json\/wp\/v2\/posts\/2652","targetHints":{"allow":["GET"]}}],"collection":[{"href":"https:\/\/www.rassismus-toetet-leipzig.org\/index.php\/wp-json\/wp\/v2\/posts"}],"about":[{"href":"https:\/\/www.rassismus-toetet-leipzig.org\/index.php\/wp-json\/wp\/v2\/types\/post"}],"author":[{"embeddable":true,"href":"https:\/\/www.rassismus-toetet-leipzig.org\/index.php\/wp-json\/wp\/v2\/users\/2"}],"replies":[{"embeddable":true,"href":"https:\/\/www.rassismus-toetet-leipzig.org\/index.php\/wp-json\/wp\/v2\/comments?post=2652"}],"version-history":[{"count":1,"href":"https:\/\/www.rassismus-toetet-leipzig.org\/index.php\/wp-json\/wp\/v2\/posts\/2652\/revisions"}],"predecessor-version":[{"id":2653,"href":"https:\/\/www.rassismus-toetet-leipzig.org\/index.php\/wp-json\/wp\/v2\/posts\/2652\/revisions\/2653"}],"wp:featuredmedia":[{"embeddable":true,"href":"https:\/\/www.rassismus-toetet-leipzig.org\/index.php\/wp-json\/wp\/v2\/media\/1787"}],"wp:attachment":[{"href":"https:\/\/www.rassismus-toetet-leipzig.org\/index.php\/wp-json\/wp\/v2\/media?parent=2652"}],"wp:term":[{"taxonomy":"category","embeddable":true,"href":"https:\/\/www.rassismus-toetet-leipzig.org\/index.php\/wp-json\/wp\/v2\/categories?post=2652"},{"taxonomy":"post_tag","embeddable":true,"href":"https:\/\/www.rassismus-toetet-leipzig.org\/index.php\/wp-json\/wp\/v2\/tags?post=2652"}],"curies":[{"name":"wp","href":"https:\/\/api.w.org\/{rel}","templated":true}]}}