{"id":2634,"date":"2024-02-01T19:14:52","date_gmt":"2024-02-01T17:14:52","guid":{"rendered":"https:\/\/www.rassismus-toetet-leipzig.org\/?p=2634"},"modified":"2024-02-07T16:34:09","modified_gmt":"2024-02-07T14:34:09","slug":"4-jahre-nach-dem-rassistischen-anschlag-in-hanau-wir-trauern-und-erinnern","status":"publish","type":"post","link":"https:\/\/www.rassismus-toetet-leipzig.org\/index.php\/4-jahre-nach-dem-rassistischen-anschlag-in-hanau-wir-trauern-und-erinnern\/","title":{"rendered":"4 Jahre nach dem rassistischen Anschlag in Hanau: Wir trauern und erinnern."},"content":{"rendered":"<h3>Gedenken in Leipzig am 19.02.2024<\/h3>\n<p><strong>Die Gedenkveranstaltung in Leipzig findet am 19.02.2024 um 18:00 Uhr im Rabet an der Grafittiwand (Th\u00fcmmelstra\u00dfe) statt.<\/strong><\/p>\n<p><a href=\"https:\/\/www.instagram.com\/hanau.gedenken.leipzig\/\">Wir bitten<\/a> euch eigene Kerzen und Blumen mitbringen. Wir m\u00f6chten auf unserer Gedenkfeier keinerlei Flaggen, weder Partei, Gruppen, noch Nationalflaggen.<\/p>\n<p>An diesem Abend geht es allein um das Gedenken der neun ermordeten Menschen und nicht um eine politische Vereinnahmung des rassistischen Anschlages. Kein Vergeben, Kein Vergessen!<\/p>\n<hr \/>\n<h3>Gedenken in Hanau am 17.02.2024<\/h3>\n<p><strong>Say Their Names!<\/strong><\/p>\n<p><strong>4 Jahre nach dem rassistischen Anschlag vom 19. Februar 2020<\/strong><br \/>\n<strong>Hanau &#8211; 14:00 Uhr, Kurt-Schumacher-Platz<\/strong><\/p>\n<p>Nach den rassistischen Morden in Hanau am 19. Februar 2020 haben wir uns ein Versprechen gegeben: Die Namen der Opfer nicht zu vergessen. Wir tragen eure Namen \u00fcberall hin. Seit vier Jahren. Und wir werden keine Ruhe geben.<\/p>\n<p><strong>Gegen das Vergessen<\/strong><\/p>\n<p>Jedes Jahr, jeden Monat, sagen wir 9 Namen und meinen alle Opfer rechter, rassistischer und antisemitischer Gewalt. Wir gedenken aller und meinen alle.<br \/>\nIhre Namen erinnern uns und fordern uns auf, den rassistischen Normalzustand im Alltag, in Beh\u00f6rden, Politik, Medien und in den Sicherheitsapparaten konsequent zu bek\u00e4mpfen. Dieser Zustand ist der N\u00e4hrboden, auf dem der Hass der T\u00e4ter \u00fcberhaupt erst gedeihen kann. Ihre Namen erinnern uns daran, dass die Vernichtungsfantasien und Umsturzpl\u00e4ne extrem rechter Netzwerke t\u00f6dlich enden.<\/p>\n<p>Rassistische Anschl\u00e4ge, wie am 19. Februar 2020, werden durch die strukturelle Inkompetenz und durch den Unwillen von Beh\u00f6rden weder verhindert noch aufgekl\u00e4rt. Das ist das Zusammenspiel, das in den Anschl\u00e4gen seine m\u00f6rderische Folge findet und deswegen sind rechte Terrorakte niemals Einzeltaten.<\/p>\n<p><strong>Keine Gerechtigkeit ohne Konsequenzen<\/strong><\/p>\n<p>Betroffenheit und Lippenbekenntnisse reichen nicht. Es ist Zeit f\u00fcr l\u00fcckenlose Aufkl\u00e4rung und konkrete Konsequenzen. Wir fordern ein genaues Zuh\u00f6ren und eine Solidarisierung mit den Betroffenen. F\u00fcr die Verantwortlichen darf es kein weiter so geben. Nicht f\u00fcr die, die schweigen. Nicht f\u00fcr die, die wegschauen. Nicht f\u00fcr die, die vertuschen. Und nicht f\u00fcr die, die die T\u00e4ter sch\u00fctzen und nicht die Opfer. F\u00fcr uns ist nichts mehr wie zuvor. Schmerz und Wut sind zur Normalit\u00e4t geworden.<\/p>\n<p><strong>Gemeinsam gegen die Angst<\/strong><\/p>\n<p>In den letzten vier Jahren kam es immer wieder zu Begegnungen von \u00dcberlebenden und Angeh\u00f6rigen. Wir haben uns versammelt zu gemeinsamen Gedenken an die Opfer von Hanau, von Halle, von Dessau, K\u00f6ln, Duisburg, M\u00fcnchen, Dortmund und vielen mehr. Das Wichtigste ist jetzt, dass alle Betroffenen rechter Gewalt zusammenkommen, sich gegenseitig unterst\u00fctzen und gemeinsam weiterk\u00e4mpfen.<\/p>\n<p>In Hanau und in vielen St\u00e4dten setzen wir uns genau deshalb tagt\u00e4glich f\u00fcr eine l\u00fcckenlose Aufkl\u00e4rung rechter, antisemitischer und rassistischer Morde und Gewalttaten ein. F\u00fcr Gerechtigkeit und politische Konsequenzen. F\u00fcr ein angemessenes Erinnern. Und vor allem: F\u00fcr eine Gesellschaft, in der Rassismus, antimuslimischer Rassismus, Antiziganismus und Antisemitismus nicht die Normalit\u00e4t sind, f\u00fcr niemanden. In der wir nicht auf den n\u00e4chsten Anschlag warten, sondern sicher und gemeinsam leben k\u00f6nnen.<\/p>\n<p>Am 17. Februar 2024 m\u00f6chten uns wir mit euch allen in Hanau zu einer Gedenkdemonstration versammeln. Um mit vielen gemeinsam zu trauern und zu erinnern.<\/p>\n<p>Say Their Names. Erinnern hei\u00dft ver\u00e4ndern.<\/p>\n<p><a href=\"https:\/\/19feb-hanau.org\/2024\/01\/07\/jahrestag-2024\/\">https:\/\/19feb-hanau.org\/2024\/01\/07\/jahrestag-2024\/<\/a><\/p>\n","protected":false},"excerpt":{"rendered":"<p>Gedenken in Leipzig am 19.02.2024 Die Gedenkveranstaltung in Leipzig findet am 19.02.2024 um 18:00 Uhr im Rabet an der Grafittiwand (Th\u00fcmmelstra\u00dfe) statt. Wir bitten euch eigene Kerzen und Blumen mitbringen. Wir m\u00f6chten auf unserer Gedenkfeier keinerlei Flaggen, weder Partei, Gruppen, noch Nationalflaggen. An diesem Abend geht es allein um das Gedenken der neun ermordeten Menschen [&hellip;]<\/p>\n","protected":false},"author":2,"featured_media":2639,"comment_status":"closed","ping_status":"open","sticky":false,"template":"","format":"standard","meta":{"footnotes":""},"categories":[1],"tags":[],"class_list":["post-2634","post","type-post","status-publish","format-standard","has-post-thumbnail","hentry","category-allgemein"],"_links":{"self":[{"href":"https:\/\/www.rassismus-toetet-leipzig.org\/index.php\/wp-json\/wp\/v2\/posts\/2634","targetHints":{"allow":["GET"]}}],"collection":[{"href":"https:\/\/www.rassismus-toetet-leipzig.org\/index.php\/wp-json\/wp\/v2\/posts"}],"about":[{"href":"https:\/\/www.rassismus-toetet-leipzig.org\/index.php\/wp-json\/wp\/v2\/types\/post"}],"author":[{"embeddable":true,"href":"https:\/\/www.rassismus-toetet-leipzig.org\/index.php\/wp-json\/wp\/v2\/users\/2"}],"replies":[{"embeddable":true,"href":"https:\/\/www.rassismus-toetet-leipzig.org\/index.php\/wp-json\/wp\/v2\/comments?post=2634"}],"version-history":[{"count":3,"href":"https:\/\/www.rassismus-toetet-leipzig.org\/index.php\/wp-json\/wp\/v2\/posts\/2634\/revisions"}],"predecessor-version":[{"id":2640,"href":"https:\/\/www.rassismus-toetet-leipzig.org\/index.php\/wp-json\/wp\/v2\/posts\/2634\/revisions\/2640"}],"wp:featuredmedia":[{"embeddable":true,"href":"https:\/\/www.rassismus-toetet-leipzig.org\/index.php\/wp-json\/wp\/v2\/media\/2639"}],"wp:attachment":[{"href":"https:\/\/www.rassismus-toetet-leipzig.org\/index.php\/wp-json\/wp\/v2\/media?parent=2634"}],"wp:term":[{"taxonomy":"category","embeddable":true,"href":"https:\/\/www.rassismus-toetet-leipzig.org\/index.php\/wp-json\/wp\/v2\/categories?post=2634"},{"taxonomy":"post_tag","embeddable":true,"href":"https:\/\/www.rassismus-toetet-leipzig.org\/index.php\/wp-json\/wp\/v2\/tags?post=2634"}],"curies":[{"name":"wp","href":"https:\/\/api.w.org\/{rel}","templated":true}]}}