{"id":2604,"date":"2023-09-08T13:12:56","date_gmt":"2023-09-08T11:12:56","guid":{"rendered":"https:\/\/www.rassismus-toetet-leipzig.org\/?p=2604"},"modified":"2023-09-11T16:24:39","modified_gmt":"2023-09-11T14:24:39","slug":"pressemitteilung-stilles-gedenken-an-karl-heinz-teichman-in-leipzig-zum-15-todestag","status":"publish","type":"post","link":"https:\/\/www.rassismus-toetet-leipzig.org\/index.php\/pressemitteilung-stilles-gedenken-an-karl-heinz-teichman-in-leipzig-zum-15-todestag\/","title":{"rendered":"Pressemitteilung: Stilles Gedenken an Karl-Heinz Teichman in Leipzig zum 15.Todestag"},"content":{"rendered":"<p>Am 6. September 2008 starb der wohnungslose Karl-Heinz Teichmann an den Folgen einer rechten Gewalttat in der Leipziger Innenstadt. Die Gruppe \u201cRassismus t\u00f6tet!\u201d \u2013 Leipzig lud zum 15. Todestag am vergangenen Mittwoch zum stillen Gedenken am Schwanenteich hinter der Leipziger Oper ein. Knapp 30 Menschen folgten dem Aufruf zum Gedenken, legten auf einer Bank Blumen sowie Kerzen ab und erinnerten an Karl-Heinz Teichmann. Die Gruppe \u201cRassismus t\u00f6tet!\u201d \u2013 Leipzig erinnert seit 2011 kontinuierlich an die zehn Todesopfer rechter Gewalt in Leipzig seit 1990. Das Projekt von ZEIT ONLINE und Tagesspiegel geht von 17 Todesopfern rechter Gewalt in Sachsen seit 1990 aus, von denen 12 offiziell von staatlichen Stellen anerkannt werden, hinzu kommen acht Verdachtsf\u00e4lle. Auff\u00e4llig oft werden sozialdarwinistische Taten von Beh\u00f6rden nicht als rechtsmotiviert anerkannt, so auch bei den rechten Morden in Leipzig und jenem an Karl-Heinz Teichmann.<\/p>\n<p>Ein Sprecher der Gruppe \u201cRassismus t\u00f6tet!\u201d \u2013 Leipzig, Hannes Heinze, erkl\u00e4rt dazu:<\/p>\n<p>\u201cAus diesem Grund haben wir nicht nur zum stillen Gedenken an Karl-Heinz Teichmann aufgerufen, sondern wir fordern auch endlich die offizielle Anerkennung des Mordes an ihm als rechtsmotivierte Tat ein. Der Hauptt\u00e4ter kam von einem Aufmarsch der rechten Szene im Leipziger Osten und selbst sein eigener Verteidiger erkl\u00e4rte gegen\u00fcber dem MDR am 11. August 2009, dass es sich um eine Tat mit rechtem Hintergrund handelte. Und dass, wenn alles zur Sprache gekommen w\u00e4re, die Schlussfolgerung zu ziehen sei, dass Karl-Heinz Teichman zum Opfer seines Mandanten wurde, weil er als Obdachloser nicht in das Weltbild seines M\u00f6rders passte. Es ist lange \u00fcberfl\u00fcssig, dass dieser Mord von staatlichen Stellen anerkannt wird, wie es auch bei den rassistisch motivierten Taten in Leipzig und beim rechtsmotivierten Mord 2003 an dem Sch\u00fcler Thomas K. geschehen ist. Auch dieser Mord wurde erst \u00fcber ein Jahrzehnt sp\u00e4ter offiziell als rechtsmotiviertes T\u00f6tungsdelikt anerkannt. Es gibt jedes Jahr schwere rechte Gewalttaten in Leipzig, Anschl\u00e4ge und regelm\u00e4\u00dfig rechte Versammlungen auf denen es ebenfalls zu \u00dcbergriffen auf jene Menschen kommt, die zum Feindbild der Rechten geh\u00f6ren, die Chroniken der Opferberatung RAA und von Chronik.LE zeigen dies deutlich auf, auch wenn es im gesellschaftlichen Bewusstsein nicht verankert ist. Dieses Ignorieren und Leugnen hinterl\u00e4sst bei den Betroffenen dieser Gewalt und bei den Angeh\u00f6rigen der Ermordeten abermals Verletzungen.\u201d<\/p>\n<p>In dem MDR-Beitrag 2009 erkl\u00e4rte Christian Pfeiffer, seinerzeit im Krimologischen Forschungsinstitut Niedersachsen t\u00e4tig zum Mord an Karl-Heinz Teichmann:<\/p>\n<p>\u201cWenn alles an sich angeboten wurde von Seiten der Polizei, dass das als eine rechte Gewalttat zu bewerten ist, wenn das dann im Urteil \u00fcberhaupt keinen Niederschlag mehr findet, dann ist das falsch verstandener Lokalpatriotismus. Dann versucht hier die Justiz Schaden von Leipzig abzuhalten, indem sie unterdr\u00fcckt, dass hier eine Tat aus rechter Gesinnung begangen wurde.\u201d<\/p>\n<p>Aufruf: <a href=\"https:\/\/www.rassismus-toetet-leipzig.org\/index.php\/stilles-gedenken-an-karl-heinz-teichmann\/\" target=\"_blank\" rel=\"noopener noreferrer\">https:\/\/www.rassismus-toetet-leipzig.org\/index.php\/stilles-gedenken-an-karl-heinz-teichmann\/<\/a><\/p>\n","protected":false},"excerpt":{"rendered":"<p>Am 6. September 2008 starb der wohnungslose Karl-Heinz Teichmann an den Folgen einer rechten Gewalttat in der Leipziger Innenstadt. Die Gruppe \u201cRassismus t\u00f6tet!\u201d \u2013 Leipzig lud zum 15. Todestag am vergangenen Mittwoch zum stillen Gedenken am Schwanenteich hinter der Leipziger Oper ein. Knapp 30 Menschen folgten dem Aufruf zum Gedenken, legten auf einer Bank Blumen [&hellip;]<\/p>\n","protected":false},"author":2,"featured_media":2610,"comment_status":"closed","ping_status":"open","sticky":false,"template":"","format":"standard","meta":{"footnotes":""},"categories":[1],"tags":[],"class_list":["post-2604","post","type-post","status-publish","format-standard","has-post-thumbnail","hentry","category-allgemein"],"_links":{"self":[{"href":"https:\/\/www.rassismus-toetet-leipzig.org\/index.php\/wp-json\/wp\/v2\/posts\/2604","targetHints":{"allow":["GET"]}}],"collection":[{"href":"https:\/\/www.rassismus-toetet-leipzig.org\/index.php\/wp-json\/wp\/v2\/posts"}],"about":[{"href":"https:\/\/www.rassismus-toetet-leipzig.org\/index.php\/wp-json\/wp\/v2\/types\/post"}],"author":[{"embeddable":true,"href":"https:\/\/www.rassismus-toetet-leipzig.org\/index.php\/wp-json\/wp\/v2\/users\/2"}],"replies":[{"embeddable":true,"href":"https:\/\/www.rassismus-toetet-leipzig.org\/index.php\/wp-json\/wp\/v2\/comments?post=2604"}],"version-history":[{"count":2,"href":"https:\/\/www.rassismus-toetet-leipzig.org\/index.php\/wp-json\/wp\/v2\/posts\/2604\/revisions"}],"predecessor-version":[{"id":2609,"href":"https:\/\/www.rassismus-toetet-leipzig.org\/index.php\/wp-json\/wp\/v2\/posts\/2604\/revisions\/2609"}],"wp:featuredmedia":[{"embeddable":true,"href":"https:\/\/www.rassismus-toetet-leipzig.org\/index.php\/wp-json\/wp\/v2\/media\/2610"}],"wp:attachment":[{"href":"https:\/\/www.rassismus-toetet-leipzig.org\/index.php\/wp-json\/wp\/v2\/media?parent=2604"}],"wp:term":[{"taxonomy":"category","embeddable":true,"href":"https:\/\/www.rassismus-toetet-leipzig.org\/index.php\/wp-json\/wp\/v2\/categories?post=2604"},{"taxonomy":"post_tag","embeddable":true,"href":"https:\/\/www.rassismus-toetet-leipzig.org\/index.php\/wp-json\/wp\/v2\/tags?post=2604"}],"curies":[{"name":"wp","href":"https:\/\/api.w.org\/{rel}","templated":true}]}}