{"id":2586,"date":"2023-08-25T18:03:53","date_gmt":"2023-08-25T16:03:53","guid":{"rendered":"https:\/\/www.rassismus-toetet-leipzig.org\/?p=2586"},"modified":"2023-08-25T18:06:51","modified_gmt":"2023-08-25T16:06:51","slug":"redebeitrag-fuer-antirepressions-kundgebung","status":"publish","type":"post","link":"https:\/\/www.rassismus-toetet-leipzig.org\/index.php\/redebeitrag-fuer-antirepressions-kundgebung\/","title":{"rendered":"Redebeitrag f\u00fcr Antirepressions-Kundgebung"},"content":{"rendered":"<p>Wir gr\u00fc\u00dfen alle Menschen hier auf der <a href=\"https:\/\/antirepression.noblogs.org\/post\/2023\/08\/01\/kundgebung-und-solidarische-prozessbegleitung-am-25-08-23-euer-gericht-haelt-uns-nicht-auf\/\">Kundgebung<\/a> und w\u00fcnschen der Genossin im Amtsgericht beim Verfahren als Anmelderin das einzig richtige Ergebnis f\u00fcr die verhandelten Strafbefehle: Freispruch!<\/p>\n<p>Auch wir kennen genug Antifaschist*innen, die in den vergangenen Jahren in die M\u00fchlen der Justiz geraten sind. Da wurde mal ein Transparent angeblich zu hoch getragen; da war angeblich ein Mensch vermummt; da f\u00fchlte sich ein Fascho oder Cop beleidigt oder angegriffen; hier sei angeblich Pyro gez\u00fcndet worden oder da h\u00e4tte es eine angebliche Sachbesch\u00e4digung gegeben. Irgendetwas findet sich immer, solange es nur gegen Linke geht.<\/p>\n<p>Willk\u00fcrliche und absurde Anzeigen gegen linke Strukturen sind in Sachsen sicherlich nicht ungew\u00f6hnlich, dennoch haben sicherlich nicht wenige in den letzten Jahren das subjektive Empfinden gewonnen, dass es zu nimmt und immer mehr wird.<br \/>\nWir haben uns vor dem Hintergrund der Ereignisse auf den Stra\u00dfen von Leipzig um das Urteil im <a href=\"https:\/\/www.rassismus-toetet-leipzig.org\/index.php\/unversoehnlich-bleiben-neonazis-keine-ruhe-lassen-free-all-antifas\/\">Antifa Ost-Verfahren<\/a> hingesetzt und einen <a href=\"https:\/\/www.rassismus-toetet-leipzig.org\/index.php\/debattenbeitrag-sollte-nach-den-geschehnissen-um-tag-x-ueber-die-einstellung-der-kooperation-mit-der-versammlungsbehoerde-nachgedacht-werden\/\">Debattenbeitrag geschrieben und ver\u00f6ffentlicht<\/a>.<\/p>\n<p>Eine zentrale Frage f\u00fcr uns dabei war: Sollte nach den Geschehnissen um Tag X \u00fcber die Einstellung der Kooperation mit der Versammlungsbeh\u00f6rde nachgedacht werden?<\/p>\n<p>Wir lie\u00dfen dazu unsere Erfahrungen mit der Versammlungsbeh\u00f6rde und der Polizei Leipzig review passieren und stellten fest, dass mit dem ge\u00e4nderten Umgang mit linken Versammlungen in der Stadt auch \u00fcber Ver\u00e4nderungen unsererseits diskutiert werden sollte. Die verhandelten Strafbefehle hier heute im Amtsgericht zielen auf die Einsch\u00fcchterung, Verunsicherung und das Erschweren von linken Versammlungen und sind als Signal an uns alle zu verstehen, dass sich vorher nochmal gr\u00fcndlich \u00fcberlegt werden sollte, ob eine Person eine Versammlung anmeldet oder nicht. K\u00f6nnen angebliche Straft\u00e4ter*innen nicht belangt werden, dann werden eben die anmeldenden Personen mit Repression \u00fcberzogen.<\/p>\n<p>Das Ziel scheint, eine linke Protestbewegung in Leipzig zu zerm\u00fcrben und zu zerschlagen und dabei gehen die unterschiedlichen Beh\u00f6rden offensichtlich arbeitsteilig vor.<\/p>\n<p>Dem werden wir nur gemeinsam trotzen k\u00f6nnen und indem wir uns auf diese Repression einstellen und n\u00f6tigenfalls auch anpassen. Wir denken es ist Zeit, neue Wege zu gehen und w\u00fcrden uns freuen, wenn sich noch mehr an den Debatten beteiligen, wie wir uns trotz all der Repression weiterhin selbstbestimmt die Stra\u00dfen nehmen k\u00f6nnen.<\/p>\n<p>Wir sind solidarisch mit allen linken Individuen und Strukturen, die von der Repression betroffen sind.<br \/>\nPolice partout, justice nulle part!<\/p>\n","protected":false},"excerpt":{"rendered":"<p>Wir gr\u00fc\u00dfen alle Menschen hier auf der Kundgebung und w\u00fcnschen der Genossin im Amtsgericht beim Verfahren als Anmelderin das einzig richtige Ergebnis f\u00fcr die verhandelten Strafbefehle: Freispruch! Auch wir kennen genug Antifaschist*innen, die in den vergangenen Jahren in die M\u00fchlen der Justiz geraten sind. Da wurde mal ein Transparent angeblich zu hoch getragen; da war [&hellip;]<\/p>\n","protected":false},"author":2,"featured_media":2222,"comment_status":"closed","ping_status":"open","sticky":false,"template":"","format":"standard","meta":{"footnotes":""},"categories":[1],"tags":[],"class_list":["post-2586","post","type-post","status-publish","format-standard","has-post-thumbnail","hentry","category-allgemein"],"_links":{"self":[{"href":"https:\/\/www.rassismus-toetet-leipzig.org\/index.php\/wp-json\/wp\/v2\/posts\/2586","targetHints":{"allow":["GET"]}}],"collection":[{"href":"https:\/\/www.rassismus-toetet-leipzig.org\/index.php\/wp-json\/wp\/v2\/posts"}],"about":[{"href":"https:\/\/www.rassismus-toetet-leipzig.org\/index.php\/wp-json\/wp\/v2\/types\/post"}],"author":[{"embeddable":true,"href":"https:\/\/www.rassismus-toetet-leipzig.org\/index.php\/wp-json\/wp\/v2\/users\/2"}],"replies":[{"embeddable":true,"href":"https:\/\/www.rassismus-toetet-leipzig.org\/index.php\/wp-json\/wp\/v2\/comments?post=2586"}],"version-history":[{"count":3,"href":"https:\/\/www.rassismus-toetet-leipzig.org\/index.php\/wp-json\/wp\/v2\/posts\/2586\/revisions"}],"predecessor-version":[{"id":2589,"href":"https:\/\/www.rassismus-toetet-leipzig.org\/index.php\/wp-json\/wp\/v2\/posts\/2586\/revisions\/2589"}],"wp:featuredmedia":[{"embeddable":true,"href":"https:\/\/www.rassismus-toetet-leipzig.org\/index.php\/wp-json\/wp\/v2\/media\/2222"}],"wp:attachment":[{"href":"https:\/\/www.rassismus-toetet-leipzig.org\/index.php\/wp-json\/wp\/v2\/media?parent=2586"}],"wp:term":[{"taxonomy":"category","embeddable":true,"href":"https:\/\/www.rassismus-toetet-leipzig.org\/index.php\/wp-json\/wp\/v2\/categories?post=2586"},{"taxonomy":"post_tag","embeddable":true,"href":"https:\/\/www.rassismus-toetet-leipzig.org\/index.php\/wp-json\/wp\/v2\/tags?post=2586"}],"curies":[{"name":"wp","href":"https:\/\/api.w.org\/{rel}","templated":true}]}}