{"id":2537,"date":"2022-12-01T22:05:39","date_gmt":"2022-12-01T20:05:39","guid":{"rendered":"https:\/\/www.rassismus-toetet-leipzig.org\/?p=2537"},"modified":"2022-12-13T14:19:26","modified_gmt":"2022-12-13T12:19:26","slug":"ns-verherrlichung-stoppen-geschichtsrevisionistische-aufmaersche-und-faschistisches-gedenken-in-sued-osteuropa","status":"publish","type":"post","link":"https:\/\/www.rassismus-toetet-leipzig.org\/index.php\/ns-verherrlichung-stoppen-geschichtsrevisionistische-aufmaersche-und-faschistisches-gedenken-in-sued-osteuropa\/","title":{"rendered":"Vortrag: NS-Verherrlichung stoppen! Geschichtsrevisionistische Aufm\u00e4rsche und faschistisches Gedenken in (S\u00fcd-) Osteuropa"},"content":{"rendered":"<p><strong>Vortrag am 16. Dezember 2022 um 19:30 Uhr im Plaque (Industriestra\u00dfe 101)<\/strong><\/p>\n<p>Anfang Februar versammeln sich j\u00e4hrlich mehrere tausend Neonazis aus ganz Europa in der ungarischen Hauptstadt Budapest zum so genannten \u201c<a href=\"https:\/\/leftside.media\/gegen-den-tag-der-ehre-2022\">Tag der Ehre<\/a>\u201d, um dort der Waffen-SS und ihren ungarischen Verb\u00fcndeten zu gedenken.<\/p>\n<p>Auch im lettischen Riga wird jedes Jahr am 16. M\u00e4rz ein Gedenkmarsch zur Ehrung der lettischen Waffen-SS durchgef\u00fchrt. In der bulgarischen Hauptstadt Sofia findet der j\u00e4hrliche Neonaziaufmarsch zu ehren des NS-Kollaborateurs Hristo Lukov statt und im \u00f6sterreichischen Bleiburg\/Pliberk versammeln sich j\u00e4hrlich zehntausende Menschen zum Gedenken an die kroatischen Faschisten der Usta\u0161a.<\/p>\n<p>Die Verherrlichung des Nationalsozialismus und seiner Verb\u00fcndeten und die Relativierung und Leugnung des Holocaust sind zentralen Themen der extremen Rechten nach 1945, nicht nur in Deutschland. Besonders in einigen postsozialistischen Staaten Ost- und S\u00fcdosteuropas haben sich seit den 1990er Jahren geschichtsrevisionistische und NS-verherrlichende Veranstaltungen etabliert, an denen sich Neonazis und Nazis aus ganz Europa beteiligen.<\/p>\n<p>Die Kampagne \u201cNS-Verherrlichung stoppen\u201d hat sich zum Ziel gesetzt die geschichtsrevisionistischen Aufm\u00e4rsche in Europa zu stoppen!<\/p>\n<p>Der Vortrag wirft Schlaglichter auf die NS-Kollaboration in (S\u00fcd-) Osteuropa, zeichnet die Entwicklung der Geschichtsrevisionistischen Aufm\u00e4rsche nach und stellt die Kampagne \u201cNS-Verherrlichung stoppen\u201d vor.<\/p>\n<p><a href=\"https:\/\/www.rassismus-toetet-leipzig.org\/wp-content\/uploads\/2022\/12\/sharepic_nsverherrlichungstoppen3-scaled.jpg\"><img loading=\"lazy\" decoding=\"async\" class=\"alignnone size-large wp-image-2544\" src=\"https:\/\/www.rassismus-toetet-leipzig.org\/wp-content\/uploads\/2022\/12\/sharepic_nsverherrlichungstoppen3-1024x1024.jpg\" alt=\"\" width=\"530\" height=\"530\" srcset=\"https:\/\/www.rassismus-toetet-leipzig.org\/wp-content\/uploads\/2022\/12\/sharepic_nsverherrlichungstoppen3-1024x1024.jpg 1024w, https:\/\/www.rassismus-toetet-leipzig.org\/wp-content\/uploads\/2022\/12\/sharepic_nsverherrlichungstoppen3-300x300.jpg 300w, https:\/\/www.rassismus-toetet-leipzig.org\/wp-content\/uploads\/2022\/12\/sharepic_nsverherrlichungstoppen3-150x150.jpg 150w, https:\/\/www.rassismus-toetet-leipzig.org\/wp-content\/uploads\/2022\/12\/sharepic_nsverherrlichungstoppen3-768x768.jpg 768w, https:\/\/www.rassismus-toetet-leipzig.org\/wp-content\/uploads\/2022\/12\/sharepic_nsverherrlichungstoppen3-1536x1536.jpg 1536w, https:\/\/www.rassismus-toetet-leipzig.org\/wp-content\/uploads\/2022\/12\/sharepic_nsverherrlichungstoppen3-2048x2048.jpg 2048w\" sizes=\"auto, (max-width: 530px) 100vw, 530px\" \/><\/a><\/p>\n","protected":false},"excerpt":{"rendered":"<p>Vortrag am 16. Dezember 2022 um 19:30 Uhr im Plaque (Industriestra\u00dfe 101) Anfang Februar versammeln sich j\u00e4hrlich mehrere tausend Neonazis aus ganz Europa in der ungarischen Hauptstadt Budapest zum so genannten \u201cTag der Ehre\u201d, um dort der Waffen-SS und ihren ungarischen Verb\u00fcndeten zu gedenken. Auch im lettischen Riga wird jedes Jahr am 16. M\u00e4rz ein [&hellip;]<\/p>\n","protected":false},"author":2,"featured_media":2540,"comment_status":"closed","ping_status":"open","sticky":false,"template":"","format":"standard","meta":{"footnotes":""},"categories":[9,1],"tags":[],"class_list":["post-2537","post","type-post","status-publish","format-standard","has-post-thumbnail","hentry","category-aktuelles","category-allgemein"],"_links":{"self":[{"href":"https:\/\/www.rassismus-toetet-leipzig.org\/index.php\/wp-json\/wp\/v2\/posts\/2537","targetHints":{"allow":["GET"]}}],"collection":[{"href":"https:\/\/www.rassismus-toetet-leipzig.org\/index.php\/wp-json\/wp\/v2\/posts"}],"about":[{"href":"https:\/\/www.rassismus-toetet-leipzig.org\/index.php\/wp-json\/wp\/v2\/types\/post"}],"author":[{"embeddable":true,"href":"https:\/\/www.rassismus-toetet-leipzig.org\/index.php\/wp-json\/wp\/v2\/users\/2"}],"replies":[{"embeddable":true,"href":"https:\/\/www.rassismus-toetet-leipzig.org\/index.php\/wp-json\/wp\/v2\/comments?post=2537"}],"version-history":[{"count":5,"href":"https:\/\/www.rassismus-toetet-leipzig.org\/index.php\/wp-json\/wp\/v2\/posts\/2537\/revisions"}],"predecessor-version":[{"id":2545,"href":"https:\/\/www.rassismus-toetet-leipzig.org\/index.php\/wp-json\/wp\/v2\/posts\/2537\/revisions\/2545"}],"wp:featuredmedia":[{"embeddable":true,"href":"https:\/\/www.rassismus-toetet-leipzig.org\/index.php\/wp-json\/wp\/v2\/media\/2540"}],"wp:attachment":[{"href":"https:\/\/www.rassismus-toetet-leipzig.org\/index.php\/wp-json\/wp\/v2\/media?parent=2537"}],"wp:term":[{"taxonomy":"category","embeddable":true,"href":"https:\/\/www.rassismus-toetet-leipzig.org\/index.php\/wp-json\/wp\/v2\/categories?post=2537"},{"taxonomy":"post_tag","embeddable":true,"href":"https:\/\/www.rassismus-toetet-leipzig.org\/index.php\/wp-json\/wp\/v2\/tags?post=2537"}],"curies":[{"name":"wp","href":"https:\/\/api.w.org\/{rel}","templated":true}]}}