{"id":2468,"date":"2021-10-15T11:53:47","date_gmt":"2021-10-15T09:53:47","guid":{"rendered":"https:\/\/www.rassismus-toetet-leipzig.org\/?p=2468"},"modified":"2021-10-17T11:58:19","modified_gmt":"2021-10-17T09:58:19","slug":"der-nsu-komplex-aufklaeren-und-einmischen-was-kann-gegen-rechten-terror-getan-werden","status":"publish","type":"post","link":"https:\/\/www.rassismus-toetet-leipzig.org\/index.php\/der-nsu-komplex-aufklaeren-und-einmischen-was-kann-gegen-rechten-terror-getan-werden\/","title":{"rendered":"Der NSU-Komplex: \u201eAufkl\u00e4ren und Einmischen.&#8220; Was kann gegen rechten Terror getan werden?"},"content":{"rendered":"<p><strong>Mittwoch, den 27. Oktober 2021 um 19 Uhr im Conne Island <\/strong>(Koburger Str. 3, 04277 Leipzig), Einlass 18:30 Uhr:<\/p>\n<p id=\"magicdomid4\" class=\"ace-line\"><span class=\"author-a-z65zymz76zmhsz74zoxxgz89zz71zz74zs\">Im November 2011 kam eine rechtsterroristische Mord- und Anschlagsserie des sogenannten Nationalsozialistischen Untergrunds (NSU) ans Licht, die in ihrer Dimension neu war. In den folgenden Untersuchungen formte sich ein erstes Bild des NSU-Komplexes. Dabei wurde deutlich, dass eine noch umfassendere juristische und gesellschaftliche Aufarbeitung anstand.\u00a0<\/span><\/p>\n<p id=\"magicdomid6\" class=\"ace-line\"><span class=\"author-a-z65zymz76zmhsz74zoxxgz89zz71zz74zs\">So beschlossen antifaschistische Initiativen und Einzelpersonen, die Arbeit am NSU-Komplex zu verstetigen, und gr\u00fcndeten \u00bbNSU-Watch\u00ab. 10 Jahre sp\u00e4ter ist die Aufarbeitung des NSU-Komplexes noch lange nicht abgeschlossen, die Gefahr des rechten Terrors bleibt schrecklich aktuell. NSU-Watch hat den NSU-Prozess beobachtet, jeden Tag protokolliert und der \u00d6ffentlichkeit zur Verf\u00fcgung gestellt. Dar\u00fcber hinaus haben sich Landesprojekte gegr\u00fcndet, die die parlamentarischen Aufkl\u00e4rungsbem\u00fchungen begleiten und weitere Prozesse gegen rechtsterroristische Gruppierungen begleiten. Das Buch von NSU-Watch \u201cAufkl\u00e4ren und Einmischen. Der NSU-Komplex und der M\u00fcnchener Prozess\u201d hat das zentrale Anliegen, die rassistischen Strukturen, die den NSU hervorbrachten, ihn wissentlich oder unwissentlich unterst\u00fctzten und so zehn Morde, drei Sprengstoffanschl\u00e4ge und 15 Raub\u00fcberf\u00e4lle zwischen 1998 und 2011 m\u00f6glich machten, entlang der Geschehnisse und Akteur*innen des NSU-Prozesses in M\u00fcnchen aufzuzeigen.\u00a0<\/span><\/p>\n<div><\/div>\n<div id=\"magicdomid7\" class=\"ace-line\"><\/div>\n<p id=\"magicdomid8\" class=\"ace-line\"><span class=\"author-a-z65zymz76zmhsz74zoxxgz89zz71zz74zs\">Am 6. November 2021 wird es <a href=\"https:\/\/www.rassismus-toetet-leipzig.org\/index.php\/zwickau0611\/\">anl\u00e4sslich der Selbstenttarnung des NSU in Zwickau eine antifaschistische Demonstration geben<\/a>. Vor dieser Demonstration und einer Anreise aus Leipzig nach Zwickau, wollen wir mit Caro Keller von NSU-Watch \u00fcber ihre Arbeit, das Buch und die gesellschaftlichen Bedingungen, die den NSU hervorgebracht haben, in einen Austausch kommen.<\/span><\/p>\n<div><\/div>\n<div id=\"magicdomid9\" class=\"ace-line\"><\/div>\n<p id=\"magicdomid10\" class=\"ace-line\"><span class=\"author-a-z65zymz76zmhsz74zoxxgz89zz71zz74zs\">Wir empfehlen ebenfalls zu der folgenden Veranstaltung &#8222;<a href=\"https:\/\/www.conne-island.de\/termin\/2021-10-28.html\">Genderspezifische Aspekte des NSU-Komplex<\/a>&#8220; am 28. Oktober im Conne Island zu gehen.<\/span><span class=\"author-a-z65zymz76zmhsz74zoxxgz89zz71zz74zs\">\u00a0<\/span><\/p>\n<div id=\"magicdomid11\" class=\"ace-line\"><\/div>\n<div id=\"magicdomid12\" class=\"ace-line\"><span class=\"author-a-z65zymz76zmhsz74zoxxgz89zz71zz74zs\">F\u00fcr beide Veranstaltung gilt die 3G-Regelung (geimpft, genesen getestet-tagesaktueller Schnelltest). Au\u00dferdem besteht Maskenpflicht in allen Innenr\u00e4umen, am Sitzplatz kann die Maske abgesetzt werden.\u00a0<\/span><\/div>\n<div id=\"magicdomid1\" class=\"ace-line\"><\/div>\n","protected":false},"excerpt":{"rendered":"<p>Mittwoch, den 27. Oktober 2021 um 19 Uhr im Conne Island (Koburger Str. 3, 04277 Leipzig), Einlass 18:30 Uhr: Im November 2011 kam eine rechtsterroristische Mord- und Anschlagsserie des sogenannten Nationalsozialistischen Untergrunds (NSU) ans Licht, die in ihrer Dimension neu war. In den folgenden Untersuchungen formte sich ein erstes Bild des NSU-Komplexes. Dabei wurde deutlich, [&hellip;]<\/p>\n","protected":false},"author":2,"featured_media":2132,"comment_status":"closed","ping_status":"open","sticky":false,"template":"","format":"standard","meta":{"footnotes":""},"categories":[1],"tags":[],"class_list":["post-2468","post","type-post","status-publish","format-standard","has-post-thumbnail","hentry","category-allgemein"],"_links":{"self":[{"href":"https:\/\/www.rassismus-toetet-leipzig.org\/index.php\/wp-json\/wp\/v2\/posts\/2468","targetHints":{"allow":["GET"]}}],"collection":[{"href":"https:\/\/www.rassismus-toetet-leipzig.org\/index.php\/wp-json\/wp\/v2\/posts"}],"about":[{"href":"https:\/\/www.rassismus-toetet-leipzig.org\/index.php\/wp-json\/wp\/v2\/types\/post"}],"author":[{"embeddable":true,"href":"https:\/\/www.rassismus-toetet-leipzig.org\/index.php\/wp-json\/wp\/v2\/users\/2"}],"replies":[{"embeddable":true,"href":"https:\/\/www.rassismus-toetet-leipzig.org\/index.php\/wp-json\/wp\/v2\/comments?post=2468"}],"version-history":[{"count":8,"href":"https:\/\/www.rassismus-toetet-leipzig.org\/index.php\/wp-json\/wp\/v2\/posts\/2468\/revisions"}],"predecessor-version":[{"id":2476,"href":"https:\/\/www.rassismus-toetet-leipzig.org\/index.php\/wp-json\/wp\/v2\/posts\/2468\/revisions\/2476"}],"wp:featuredmedia":[{"embeddable":true,"href":"https:\/\/www.rassismus-toetet-leipzig.org\/index.php\/wp-json\/wp\/v2\/media\/2132"}],"wp:attachment":[{"href":"https:\/\/www.rassismus-toetet-leipzig.org\/index.php\/wp-json\/wp\/v2\/media?parent=2468"}],"wp:term":[{"taxonomy":"category","embeddable":true,"href":"https:\/\/www.rassismus-toetet-leipzig.org\/index.php\/wp-json\/wp\/v2\/categories?post=2468"},{"taxonomy":"post_tag","embeddable":true,"href":"https:\/\/www.rassismus-toetet-leipzig.org\/index.php\/wp-json\/wp\/v2\/tags?post=2468"}],"curies":[{"name":"wp","href":"https:\/\/api.w.org\/{rel}","templated":true}]}}