{"id":2421,"date":"2020-12-21T19:36:47","date_gmt":"2020-12-21T17:36:47","guid":{"rendered":"https:\/\/www.rassismus-toetet-leipzig.org\/?p=2421"},"modified":"2020-12-22T14:37:08","modified_gmt":"2020-12-22T12:37:08","slug":"pm-solidaritaet-mit-den-betroffenen-keine-buehne-dem-taeter","status":"publish","type":"post","link":"https:\/\/www.rassismus-toetet-leipzig.org\/index.php\/pm-solidaritaet-mit-den-betroffenen-keine-buehne-dem-taeter\/","title":{"rendered":"PM: Solidarit\u00e4t mit den Betroffenen \u2013 keine B\u00fchne dem T\u00e4ter"},"content":{"rendered":"<p>21.12.2020<\/p>\n<p>Heute fand in Solidarit\u00e4t mit den Betroffenen des rechten Terrors vom 9. Oktober 2019 in Halle, eine Kundgebung in Leipzig statt.<\/p>\n<p>Der rechte T\u00e4ter hatte am 9. Oktober 2019 aus antisemitischen, rassistischen und antifeministischen Motiven die Synagoge und den Kiez-D\u00f6ner in Halle (Saale) angegriffen und Jana Lange und Kevin Schwarze ermordet. Der T\u00e4ter wurde heute in Magdeburg verurteilt. Die \u00fcber 50 Menschen, die sich in der Synagoge aufhielten, entkamen dem Attent\u00e4ter nur knapp. Auf seiner Flucht verletzte der Attent\u00e4ter auf der Magdeburger Stra\u00dfe in Halle sowie in Wiedersdorf bei Landsberg mehrere Menschen zum Teil schwer.<\/p>\n<p>Unter dem Motto <a href=\"https:\/\/antiranetlsa.de\/kritische-prozessbegleitung-halle\">\u201cSolidarit\u00e4t mit den Betroffenen \u2013 keine B\u00fchne dem T\u00e4ter\u201d fand in Magdeburg<\/a> vor dem Gericht, wie auch an den vergangenen 25 Prozesstagen eine Kundgebung statt. Diese wurde heute in Leipzig von der Gruppe \u201cRassismus t\u00f6tet!\u201d \u2013 Leipzig vor dem Leipziger Hauptbahnhof ab 12:30 Uhr \u00fcbertragen. An der Kundgebung nahmen 20 Menschen teil. Dabei kam es zu einzelnen St\u00f6rungen durch Rechte, einer trug einen Mundschutz mit den Farben \u201cschwarz, wei\u00df, rot\u201d.<\/p>\n<p>Auch die Polizei Leipzig fand es eine sinnvolle Idee die Kundgebung mit einem Suchtmittelsp\u00fcrhund ab zu suchen, fand aber offensichtlich keine \u201cDrogen\u201d in der Versammlung. Uns ist bisher keine andere politische Veranstaltung in Leipzig bekannt, die auf diese Weise versucht wurde zu kriminalisieren.<\/p>\n<p>Der Sprecher der Gruppe \u201cRassismus t\u00f6tet!\u201d \u2013 Leipzig, Hannes Heinze, \u00e4u\u00dfert sich dazu wie folgt:<\/p>\n<p>\u201cWir haben mit der \u00dcbertragung der Kundgebung aus Magdeburg die Perspektiven der Betroffenen und Nebenkl\u00e4ger:innen in den Fokus gestellt und einen Raum des Gedenkens an Jana Lange und Kevin Schwarze geschaffen. Dar\u00fcber hinaus waren Expert:innen, die den Prozess begleitet haben, zu h\u00f6ren. Das Attentat von Halle steht nicht allein. Vielmehr reiht es sich in eine politische Kontinuit\u00e4t rechter Gewalt ein. Auf den Anschlag in Halle folgte kurze Zeit sp\u00e4ter im Februar 2020 der rassistische Anschlag in Hanau, bei dem Ferhat Unvar, G\u00f6khan G\u00fcltekin, Hamza Kurtovi\u0107, Said Nesar Hashemi, Mercedes Kierpacz, Sedat G\u00fcrb\u00fcz, Kaloyan Velkov, Vili Viorel P\u0103un, Fatih Sara\u00e7o\u011flu ermordet wurden. Faschistoide, antisemitische, rassistische, frauenfeindliche und antifeministische Einstellungen sind bis weit in die sogenannte Mitte dieser Gesellschaft verbreitet. Der Attent\u00e4ter von Halle hat in die Tat umgesetzt, was in diesem Land ohnehin nicht wenige Menschen zu denken scheinen und wir auch heute in einigen Reaktionen auf die Kundgebung beobachten konnten. F\u00fcr uns bedeutet das Ende des Prozesses nicht das Ende der Auseinandersetzung mit dem Attentat und der Gesellschaft, die es m\u00f6glich machte.\u201d<\/p>\n<p>Bilder von der Veranstaltung finden sich:<\/p>\n<p><strong>&#8211;<a href=\"https:\/\/la-presse.org\/urteilsverkuendung-im-halle-prozess-in-leipzig\/\"> la-presse<\/a><\/strong><\/p>\n<p>https:\/\/twitter.com\/nika_sachsen\/status\/1341019641255235585<\/p>\n<p>&nbsp;<\/p>\n","protected":false},"excerpt":{"rendered":"<p>21.12.2020 Heute fand in Solidarit\u00e4t mit den Betroffenen des rechten Terrors vom 9. Oktober 2019 in Halle, eine Kundgebung in Leipzig statt. Der rechte T\u00e4ter hatte am 9. Oktober 2019 aus antisemitischen, rassistischen und antifeministischen Motiven die Synagoge und den Kiez-D\u00f6ner in Halle (Saale) angegriffen und Jana Lange und Kevin Schwarze ermordet. Der T\u00e4ter wurde [&hellip;]<\/p>\n","protected":false},"author":2,"featured_media":2422,"comment_status":"closed","ping_status":"open","sticky":false,"template":"","format":"standard","meta":{"footnotes":""},"categories":[1],"tags":[],"class_list":["post-2421","post","type-post","status-publish","format-standard","has-post-thumbnail","hentry","category-allgemein"],"_links":{"self":[{"href":"https:\/\/www.rassismus-toetet-leipzig.org\/index.php\/wp-json\/wp\/v2\/posts\/2421","targetHints":{"allow":["GET"]}}],"collection":[{"href":"https:\/\/www.rassismus-toetet-leipzig.org\/index.php\/wp-json\/wp\/v2\/posts"}],"about":[{"href":"https:\/\/www.rassismus-toetet-leipzig.org\/index.php\/wp-json\/wp\/v2\/types\/post"}],"author":[{"embeddable":true,"href":"https:\/\/www.rassismus-toetet-leipzig.org\/index.php\/wp-json\/wp\/v2\/users\/2"}],"replies":[{"embeddable":true,"href":"https:\/\/www.rassismus-toetet-leipzig.org\/index.php\/wp-json\/wp\/v2\/comments?post=2421"}],"version-history":[{"count":1,"href":"https:\/\/www.rassismus-toetet-leipzig.org\/index.php\/wp-json\/wp\/v2\/posts\/2421\/revisions"}],"predecessor-version":[{"id":2423,"href":"https:\/\/www.rassismus-toetet-leipzig.org\/index.php\/wp-json\/wp\/v2\/posts\/2421\/revisions\/2423"}],"wp:featuredmedia":[{"embeddable":true,"href":"https:\/\/www.rassismus-toetet-leipzig.org\/index.php\/wp-json\/wp\/v2\/media\/2422"}],"wp:attachment":[{"href":"https:\/\/www.rassismus-toetet-leipzig.org\/index.php\/wp-json\/wp\/v2\/media?parent=2421"}],"wp:term":[{"taxonomy":"category","embeddable":true,"href":"https:\/\/www.rassismus-toetet-leipzig.org\/index.php\/wp-json\/wp\/v2\/categories?post=2421"},{"taxonomy":"post_tag","embeddable":true,"href":"https:\/\/www.rassismus-toetet-leipzig.org\/index.php\/wp-json\/wp\/v2\/tags?post=2421"}],"curies":[{"name":"wp","href":"https:\/\/api.w.org\/{rel}","templated":true}]}}