{"id":2416,"date":"2020-12-18T20:05:13","date_gmt":"2020-12-18T18:05:13","guid":{"rendered":"https:\/\/www.rassismus-toetet-leipzig.org\/?p=2416"},"modified":"2020-12-18T22:06:05","modified_gmt":"2020-12-18T20:06:05","slug":"solidaritaet-mit-den-betroffenen-keine-buehne-dem-taeter-urteilsverkuendung-im-halle-prozess","status":"publish","type":"post","link":"https:\/\/www.rassismus-toetet-leipzig.org\/index.php\/solidaritaet-mit-den-betroffenen-keine-buehne-dem-taeter-urteilsverkuendung-im-halle-prozess\/","title":{"rendered":"\u201cSolidarit\u00e4t mit den Betroffenen \u2013 keine B\u00fchne dem T\u00e4ter\u201d \u2013 Urteilsverk\u00fcndung im Halle Prozess"},"content":{"rendered":"<h2>21.12.2020 Kundgebung am Tag der Urteilsverk\u00fcndung im #HalleProzess in Leipzig<\/h2>\n<hr \/>\n<p><strong>Kundgebung am 21.12.2020 in Leipzig ab 12:30 Uhr auf dem kleinen Willy-Brandt-Platz vor dem Hauptbahnhof.<\/strong><\/p>\n<hr \/>\n<p>Im Sommer 2020 begann der juristische Prozess gegen den extrem rechten Attent\u00e4ter von Halle. Dieser hat am 9. Oktober 2019 aus antisemitischen, rassistischen und antifeministischen Motiven die Synagoge und den Kiez-D\u00f6ner in Halle (Saale) angegriffen und Jana Lange und Kevin Schwarze ermordet. Die \u00fcber 50 Menschen, die sich in der Synagoge aufhielten, entkamen dem Attent\u00e4ter nur knapp. Auf seiner Flucht verletzte der Attent\u00e4ter auf der Magdeburger Stra\u00dfe in Halle sowie in Wiedersdorf bei Landsberg mehrere Menschen zum Teil schwer.<\/p>\n<p>Nach 25 Prozesstagen werden die Verhandlungen nun zu einem Ende kommen. Der Gerichtsprozess wird mit der Urteilsverk\u00fcndung abgeschlossen sein, einen Schlussstrich kann und darf es dennoch weder bei der Aufarbeitung des Attentats im Speziellen noch bez\u00fcglich einer Auseinandersetzung mit rechter, neofaschistischer Gewalt im Allgemeinen geben.<\/p>\n<p>Wie auch an den anderen Prozesstagen wird zum Abschluss des Verfahrens eine gr\u00f6\u00dfere Kundgebung vor dem Landesgericht in Magdeburg stattfinden, wir rufen euch auf nach Magdeburg zu fahren, wenn ihr k\u00f6nnt. Es soll damit ein Raum der Solidarit\u00e4t mit den \u00dcberlebenden, Hinterbliebenen und Nebenkl\u00e4ger:innen des rechten Anschlags geschaffen werden, aber auch ein Raum f\u00fcr kritisches Hinterfragen und Beleuchten der gesellschaftlichen Zust\u00e4nde, der staatlichen Strukturen und der medialen Berichterstattung im Kontext rechter Gewalt.<\/p>\n<p>Juristisch gesehen ging es dem Gericht im Prozess vor allem um die individuelle Schuld des Angeklagten. Diese ist bewiesen, er hat seine Taten weder geleugnet noch bereut. Es ist damit zu rechnen, dass er zu einer lebenslangen Haftstrafe verurteilt wird. Trotzdem bleiben nicht wenige Fragen unbeantwortet: Wie k\u00f6nnen Aftax I. und Ismet Tekin juristische Gerechtigkeit erfahren, falls die Angriffe auf sie nicht als versuchte Morde anerkannt werden? Wieso wissen Expert:innen und Journalist:innen weit mehr \u00fcber die extreme Rechte und ihre Online-Aktivit\u00e4ten als die polizeilichen Ermittler:innen? Welche Erkenntnisse lassen sich aus dem Prozess mitnehmen und in eine Aufarbeitung au\u00dferhalb des Gerichts \u00fcberf\u00fchren? Welche politischen und gesellschaftlichen Konsequenzen wurden aus dem Anschlag, seinen Folgen und dem Prozess tats\u00e4chlich gezogen? Welche Akteur:innen sind nun gefragt, Worten des Beileids und des Schocks Taten folgen zu lassen? Welche Vorstellungen und W\u00fcnsche haben die Hinterbliebenen und \u00dcberlebenden des Anschlags f\u00fcr einen zuk\u00fcnftigen Umgang mit den Ereignissen und mit deren weiterer Aufarbeitung? Und welche Bed\u00fcrfnisse haben sie hinsichtlich einer Entsch\u00e4digung und einem angemessenen Gedenken?<\/p>\n<p>Diese und viele weitere Fragen wollen wir am 21. Dezember vor dem Landgericht in Magdeburg im Rahmen einer Kundgebung thematisieren. Dabei werden die Perspektiven der Betroffenen und Nebenkl\u00e4ger:innen im Fokus stehen. Auch soll nochmals ein Raum des Gedenkens an Jana Lange und Kevin Schwarze geschaffen werden. Dar\u00fcber hinaus werden Expert:innen, die den Prozess begleitet haben, Res\u00fcmee ziehen.<\/p>\n<p>Das Attentat von Halle steht nicht allein. Vielmehr reiht es sich in eine politische Kontinuit\u00e4t rechter Gewalt ein. Auf den Anschlag in Halle folgte kurze Zeit sp\u00e4ter im Februar 2020 der rassistische Anschlag in Hanau, bei dem 10 Menschen ermordet wurden. Faschistoide, antisemitische, rassistische, frauenfeindliche und antifeministische Einstellungen sind bis weit in die sogenannte Mitte dieser Gesellschaft verbreitet. Der Attent\u00e4ter von Halle hat in die Tat umgesetzt, was in diesem Land ohnehin nicht wenige Menschen zu denken scheinen.<\/p>\n<p><strong>Keine Einzelf\u00e4lle \u2013 Keine Einzelt\u00e4ter! Schlie\u00dft euch der Kundgebung am 21. Dezember an und setzt ein Zeichen: Solidarit\u00e4t mit den Betroffenen \u2013 keine B\u00fchne dem T\u00e4ter!<\/strong><\/p>\n<p>Am Tag der Urteilsverk\u00fcndung wollen wir mit euch Solidarit\u00e4t auf die Stra\u00dfe tragen! Denn f\u00fcr uns bedeutet das Ende des Prozesses nicht das Ende der Auseinandersetzung mit dem Attentat und der Gesellschaft, die es m\u00f6glich machte.<\/p>\n<p>________________________________<\/p>\n<p><strong>Dezentrale Aktionen \u2013 Call for action<\/strong><\/p>\n<p>Wer nicht nach Magdeburg kommen kann, hat folgende M\u00f6glichkeiten sich solidarisch zu zeigen und\/oder die Kundgebung und den Reden zu folgen:<\/p>\n<h3>Kundgebung in Leipzig ab 12:30 Uhr auf dem kleinen Willy-Brandt-Platz vor dem Hauptbahnhof.<\/h3>\n<hr \/>\n<p><strong>Malt Banner, Transpis oder Plakate und platziert sie sichtbar im Stadtbild oder an eurem Fenster<\/strong> am Abend vorher, den 20.12. Fotografiert dies gerne und ver\u00f6ffentlicht und verbreitet medial ein Bild unter dem Hashtag <a class=\"oajrlxb2 g5ia77u1 qu0x051f esr5mh6w e9989ue4 r7d6kgcz rq0escxv nhd2j8a9 nc684nl6 p7hjln8o kvgmc6g5 cxmmr5t8 oygrvhab hcukyx3x jb3vyjys rz4wbd8a qt6c0cv9 a8nywdso i1ao9s8h esuyzwwr f1sip0of lzcic4wl oo9gr5id gpro0wi8 lrazzd5p\" tabindex=\"0\" role=\"link\" href=\"https:\/\/www.facebook.com\/hashtag\/halleprozess?__eep__=6&amp;__cft__[0]=AZXxLPdi-_coQzmR5YpvaudScri6rBdaDRxhLhwtJuLaNFfGVuvm3FlYo3wDwAsXBPtm_QDHtvGWn0ZzXH8PMjGHph2NV9-g4RgECH--LQKOyEWzEdM_Wrf-xj9SWOAjO_3rXzCFMbaXgTn_iqesMxH9&amp;__tn__=q\">#halleprozess<\/a>.<\/p>\n<p>Es ist geplant, dass die Kundgebung als Livestream \u00fcber den Offenen Kanal Magdeburg im Netz \u00fcbertragen wird. Der Stream kann gerne auch \u00f6ffentlich gezeigt werden. [link folgt]<\/p>\n<p>Radio CORAX aus Halle wird an dem Tag auch \u00fcber das Prozessende berichten und kann eingeschaltet werden: von 13:00 bis 15:00 und von 18:00 bis 19:00 Uhr. Zu h\u00f6ren auf 95.9 FM in Halle (Saale) und Umgebung oder im Stream unter: <a class=\"oajrlxb2 g5ia77u1 qu0x051f esr5mh6w e9989ue4 r7d6kgcz rq0escxv nhd2j8a9 nc684nl6 p7hjln8o kvgmc6g5 cxmmr5t8 oygrvhab hcukyx3x jb3vyjys rz4wbd8a qt6c0cv9 a8nywdso i1ao9s8h esuyzwwr f1sip0of lzcic4wl py34i1dx gpro0wi8\" tabindex=\"0\" role=\"link\" href=\"https:\/\/l.facebook.com\/l.php?u=https%3A%2F%2Fradiocorax.de%2Fwebplayer%2F%3Ffbclid%3DIwAR23KgIpK1YFfmvmSeAtIRC3WlY_hxDAm09LCkEY9gLiXd-m_Kf_1WTrJj0&amp;h=AT0jpChsNSkA_E5xID5xXOTEhP_0vTzhvluIMOFBUA7fqQDuMWUe77kw3JPSIokk-DVk7kJo585qubSN4crAgsGtRmQnL9p6f_xYuoNKQ6eLO9CRHodkZiWbgB25LWbe_n0ZbEm8jg&amp;__tn__=q&amp;c[0]=AT26rE3fh8dsHuUCGKcF9w0ZZDk8Se93diWlC-eDeRdXxQ_bJSvzejW7xUuU_XYl_NV-dIsEEyZs11UlXQJ9yzxiic_78MozXAqfpXvVXAuIKSDUNOZu4OYdeEqYLDjmV7m0SAM7DgXdstOboEsAkq-swT5mCoTQaFhdC0EJRAVUTJRh\" target=\"_blank\" rel=\"nofollow noopener noreferrer\">https:\/\/radiocorax.de\/webplayer\/<\/a><\/p>\n<p><strong>Spendenaufruf<\/strong><br \/>\nMit bundesweiter Unterst\u00fctzung konnten wir zu allen Prozesstagen mit einer Mahnwache vor dem Gericht unsere Solidarit\u00e4t zeigen. Allerdings kostet das auch Geld, weswegen wir dringend Spenden brauchen. Link zum Spendenaufruf: <a class=\"oajrlxb2 g5ia77u1 qu0x051f esr5mh6w e9989ue4 r7d6kgcz rq0escxv nhd2j8a9 nc684nl6 p7hjln8o kvgmc6g5 cxmmr5t8 oygrvhab hcukyx3x jb3vyjys rz4wbd8a qt6c0cv9 a8nywdso i1ao9s8h esuyzwwr f1sip0of lzcic4wl py34i1dx gpro0wi8\" tabindex=\"0\" role=\"link\" href=\"https:\/\/l.facebook.com\/l.php?u=https%3A%2F%2Fcutt.ly%2FkhbpwEe%3Ffbclid%3DIwAR2d_yRNHfKqodWqUuy5zv_LtVZ4i6qv46RqJexELTkN0dWIQaQy2FkgsQQ&amp;h=AT1nMIKq7DZMHBywplZRAUivhjLxQMg53YV7cQCS1EGonMNz1f9UITDwr6WreGaARdiw6R7ii4e4hKBfwsSweVSJytRP6K2MpP7xXoijAM-AgvVAWHq41hhC6HgiIQVGgnx2FOkd-g&amp;__tn__=q&amp;c[0]=AT26rE3fh8dsHuUCGKcF9w0ZZDk8Se93diWlC-eDeRdXxQ_bJSvzejW7xUuU_XYl_NV-dIsEEyZs11UlXQJ9yzxiic_78MozXAqfpXvVXAuIKSDUNOZu4OYdeEqYLDjmV7m0SAM7DgXdstOboEsAkq-swT5mCoTQaFhdC0EJRAVUTJRh\" target=\"_blank\" rel=\"nofollow noopener noreferrer\">https:\/\/cutt.ly\/khbpwEe<\/a><\/p>\n<p><strong>Corona<\/strong><br \/>\nBitte nehmt an der Kundgebung nicht Teil, wenn ihr COVID-19 oder Grippesymptome habt oder Kontakt zu an COVID-19 Erkrankten hattet. Achtet bitte selbst auf den Mindestabstand und tragt einen Mund- und Nasenschutz. Es ist angek\u00fcndigt, dass die Kontaktbeschr\u00e4nkungen f\u00fcr das Weihnachtsfest (aber nicht f\u00fcr Chanukka) gelockert werden. Wir m\u00f6chten euch trotzdem dazu aufrufen, wenn ihr plant anzureisen, die Anreise rechtzeitig zu planen und mit m\u00f6glichst wenig Menschen aus wenig verschiedenen Haushalten zu fahren.<\/p>\n<p><strong>Fahrtkosten<\/strong><br \/>\nAu\u00dferdem wollen wir, dass alle Menschen, die das m\u00f6chten, beim Prozess\/unserer Mahnwache dabei sein k\u00f6nnen. Wenn ihr also Finanzierungsschwierigkeiten bzgl. der Fahrtkosten, scheut euch bitte nicht, uns zu schreiben! Entweder \u00fcber die sozialen Netzwerke, oder an: antiramd[at]riseup.net<\/p>\n<p><strong>________________________________<\/strong><\/p>\n<p><strong>Aufruf mehrsprachig<\/strong><\/p>\n<p>auf <a href=\"https:\/\/antiranetlsa.de\/archive\/2738\" target=\"_blank\" rel=\"noopener noreferrer\">Englisch, Hebr\u00e4isch, Russisch, T\u00fcrkisch, Kurdisch, Arabisch, Persisch<\/a><\/p>\n<p><strong>________________________________<\/strong><\/p>\n<p><strong>Aufrufende<\/strong><\/p>\n<p>Antirassistisches Netzwerk Sachsen-Anhalt<br \/>\nArbeitskreis Antirassismus Magdeburg<br \/>\nInitiative 9. Oktober Halle<br \/>\nInterventionistische Linke Halle<br \/>\nKollektiv IfS-Dichtmachen<br \/>\n&#8222;Rassismus t\u00f6tet!&#8220; &#8211; Leipzig<br \/>\nRegina \u2013 Ravende Europ\u00e4er gegen Intoleranz und Nationalismus<br \/>\nSolidarisches Magdeburg<br \/>\nSeebr\u00fccke Magdeburg<\/p>\n","protected":false},"excerpt":{"rendered":"<p>21.12.2020 Kundgebung am Tag der Urteilsverk\u00fcndung im #HalleProzess in Leipzig Kundgebung am 21.12.2020 in Leipzig ab 12:30 Uhr auf dem kleinen Willy-Brandt-Platz vor dem Hauptbahnhof. Im Sommer 2020 begann der juristische Prozess gegen den extrem rechten Attent\u00e4ter von Halle. Dieser hat am 9. Oktober 2019 aus antisemitischen, rassistischen und antifeministischen Motiven die Synagoge und den [&hellip;]<\/p>\n","protected":false},"author":2,"featured_media":2419,"comment_status":"closed","ping_status":"open","sticky":false,"template":"","format":"standard","meta":{"footnotes":""},"categories":[1],"tags":[],"class_list":["post-2416","post","type-post","status-publish","format-standard","has-post-thumbnail","hentry","category-allgemein"],"_links":{"self":[{"href":"https:\/\/www.rassismus-toetet-leipzig.org\/index.php\/wp-json\/wp\/v2\/posts\/2416","targetHints":{"allow":["GET"]}}],"collection":[{"href":"https:\/\/www.rassismus-toetet-leipzig.org\/index.php\/wp-json\/wp\/v2\/posts"}],"about":[{"href":"https:\/\/www.rassismus-toetet-leipzig.org\/index.php\/wp-json\/wp\/v2\/types\/post"}],"author":[{"embeddable":true,"href":"https:\/\/www.rassismus-toetet-leipzig.org\/index.php\/wp-json\/wp\/v2\/users\/2"}],"replies":[{"embeddable":true,"href":"https:\/\/www.rassismus-toetet-leipzig.org\/index.php\/wp-json\/wp\/v2\/comments?post=2416"}],"version-history":[{"count":1,"href":"https:\/\/www.rassismus-toetet-leipzig.org\/index.php\/wp-json\/wp\/v2\/posts\/2416\/revisions"}],"predecessor-version":[{"id":2418,"href":"https:\/\/www.rassismus-toetet-leipzig.org\/index.php\/wp-json\/wp\/v2\/posts\/2416\/revisions\/2418"}],"wp:featuredmedia":[{"embeddable":true,"href":"https:\/\/www.rassismus-toetet-leipzig.org\/index.php\/wp-json\/wp\/v2\/media\/2419"}],"wp:attachment":[{"href":"https:\/\/www.rassismus-toetet-leipzig.org\/index.php\/wp-json\/wp\/v2\/media?parent=2416"}],"wp:term":[{"taxonomy":"category","embeddable":true,"href":"https:\/\/www.rassismus-toetet-leipzig.org\/index.php\/wp-json\/wp\/v2\/categories?post=2416"},{"taxonomy":"post_tag","embeddable":true,"href":"https:\/\/www.rassismus-toetet-leipzig.org\/index.php\/wp-json\/wp\/v2\/tags?post=2416"}],"curies":[{"name":"wp","href":"https:\/\/api.w.org\/{rel}","templated":true}]}}