{"id":2353,"date":"2020-10-25T14:02:33","date_gmt":"2020-10-25T12:02:33","guid":{"rendered":"https:\/\/www.rassismus-toetet-leipzig.org\/?p=2353"},"modified":"2020-11-25T14:02:46","modified_gmt":"2020-11-25T12:02:46","slug":"pressemitteilungen-im-oktober","status":"publish","type":"post","link":"https:\/\/www.rassismus-toetet-leipzig.org\/index.php\/pressemitteilungen-im-oktober\/","title":{"rendered":"Pressemitteilungen im Oktober"},"content":{"rendered":"<p><strong>25.10.2020:<\/strong> In der Woche vom 19. bis 24. Oktober fanden in Leipzig eine Reihe von Veranstaltungen zu den Themen rechte Morde seit 1990 und rechtsradikale Netzwerke statt.<\/p>\n<p>Die Gruppe \u201cRassismus t\u00f6tet!\u201d \u2013 Leipzig organisiert seit 2011 eine j\u00e4hrliche Gedenkdemonstration f\u00fcr alle Opfer rechter Gewalt in Leipzig. 2010 wurde Kamal K. in Leipzig von zwei Neonazis ermordet. Mit einer Demonstration sollte an die mindestens zehn Menschen in Leipzig und weiteren Todesopfern im Bundesgebiet erinnert werden, die seit 1990 aus rechten Motiven ermordet wurden. Am 24. Oktober 2020 j\u00e4hrte sich der rassistische Mord an Kamal K. in Leipzig bereits zum zehnten Mal.<\/p>\n<p>In den vergangenen zehn Jahren ist viel daf\u00fcr getan worden, dass die rechte Ideologie der M\u00f6rder von Kamal nicht mehr geleugnet wird und dass der Mord nicht in Vergessenheit ger\u00e4t.<\/p>\n<p>Am Montag fand im Rahmen der \u201ckritischen Einf\u00fchrungswochen\u201d an der Universit\u00e4t Leipzig ein Rundgang in der Innenstadt statt, um an drei rechte Morde in der Stadt zu erinnern. Am Dienstag veranstaltete das \u201cLadenschlussb\u00fcndnis gegen Neonazis\u201c eine Demonstration zum Thema rechtsradikale Netzwerke im Leipziger Zentrum. An dieser nahmen 250-300 Menschen teil. Unter der Woche wurden Flyer in der N\u00e4he des Gedenkstein f\u00fcr die Todesopfer rechter Gewalt in Leipzig seit 1990 verteilt. Unbekannte Personen brachten eine Gedenktafel f\u00fcr den ermordeten Achmed B. in der N\u00e4he des Tatortes an einem Geb\u00e4ude an um an den rassistisch motivierten Mord zu erinnern.<\/p>\n<p>Am Samstag veranstaltete die Gruppe \u201eRassismus t\u00f6tet!\u201c &#8211; Leipzig eine Demonstration unter dem Motto \u201eNiemand ist vergessen, Nichts ist vergeben!\u201c. An der Demonstration nahmen mehr als 1000 Menschen teil. An drei Tatorten wurden Blumen und Kerzen abgelegt. Eine hinter der Oper von unbekannten angebrachten Gedenktafel an einer Parkbank f\u00fcr den ermordeten Wohnungslosen Karl-Heinz T. wurde dabei besch\u00e4digt vor gefunden.<\/p>\n<p>Der Sprecher der Gruppe \u201cRassismus t\u00f6tet!\u201c \u2013 Leipzig, Hannes Heinze, \u00e4u\u00dfert sich dazu wie folgt:<\/p>\n<p>\u201cWir wollen weiterhin dazu beitragen, das Schweigen, Wegschauen, Leugnen und Verharmlosen des Rassismus und der rechten Gewalt in diesem Land und der Stadt zu beenden. Menschen wie Kamal d\u00fcrfen nicht vergessen werden. Und so liegt es auch in diesem Jahr nicht beim Staat, sondern bei aktiven Antifaschist*innen und Antirassist*innen, das Gedenken an Kamal K. und allen weiteren Todesopfern rechter Gewalt in Leipzig und Deutschland lebendig zu halten. Wir haben heute auf der Demonstration sowohl auf den rechten Terror in dieser Gesellschaft und der Stadt Leipzig aufmerksam gemacht, als auch auf die rechtsradikalen Netzwerke bis in staatliche Stellen. Rassismus und rechte Gewalt sind Alltag hier, auch wenn das gerne seit Jahrzehnten versucht wird zu verdr\u00e4ngen, auch vom Leipziger Oberb\u00fcrgermeister.\u201d<\/p>\n<p>Klaus R., Bernd G., Horst K., Achmed B., Nuno L., Thomas K., Karl-Heinz T., Kamal K. sowie vermutlich zwei weitere Menschen sind in Leipzig seit 1990 durch rechte T\u00e4ter ermordet worden. In keinem anderen Ort in Sachsen sind mehr Menschen Todesopfer rechter Gewalt geworden.<\/p>\n<p>F\u00fcr Bilder von der Demonstration kann sich an folgende Menschen gewendet werden:<\/p>\n<p><a href=\"https:\/\/www.flickr.com\/photos\/lionelcbendtner\/albums\/72157716608468287\" target=\"_blank\" rel=\"noopener noreferrer\">https:\/\/www.flickr.com\/photos\/lionelcbendtner\/albums\/72157716608468287<\/a><\/p>\n<p><a href=\"https:\/\/www.flickr.com\/photos\/pm_cheung\/albums\/72157716600229338\" target=\"_blank\" rel=\"noopener noreferrer\">https:\/\/www.flickr.com\/photos\/pm_cheung\/albums\/72157716600229338<\/a><\/p>\n<p><a href=\"https:\/\/www.flickr.com\/photos\/backstreetnoise\/sets\/72157716601420636\/\" target=\"_blank\" rel=\"noopener noreferrer\">https:\/\/www.flickr.com\/photos\/backstreetnoise\/sets\/72157716601420636\/<\/a><\/p>\n<p>Es gab einen bundesweiten Aufruf sich an Aktionswochen zu beteiligen. Dazu sind bereits zwei Bilder entstanden:<\/p>\n<p>Rostock: <a href=\"https:\/\/twitter.com\/alphak55\/status\/1317523727194771460\" target=\"_blank\" rel=\"noopener noreferrer\">https:\/\/twitter.com\/alphak55\/status\/1317523727194771460<\/a><br \/>\nLeipzig: <a href=\"https:\/\/twitter.com\/RASSISMUSTOETET\/status\/1315360955866415105\" target=\"_blank\" rel=\"noopener noreferrer\">https:\/\/twitter.com\/RASSISMUSTOETET\/status\/1315360955866415105<\/a><\/p>\n<p>Aufruf zur Demonstration am 24. Oktober: <a href=\"https:\/\/www.rassismus-toetet-leipzig.org\/index.php\/niemand-ist-vergessen-nichts-ist-vergeben\" target=\"_blank\" rel=\"noopener noreferrer\">https:\/\/www.rassismus-toetet-leipzig.org\/index.php\/niemand-ist-vergessen-nichts-ist-vergeben<\/a><\/p>\n<hr \/>\n<p><strong>19.10.2020:<\/strong> Pressemitteilung \u201cAktionswoche zu Todesopfern rechter Gewalt in Leipzig\u201d<\/p>\n<p>In der Woche vom 19. bis 24. Oktober finden in Leipzig eine Reihe von Veranstaltungen zu den Themen rechte Morde seit 1990 und rechtsradikale Netzwerke statt.<\/p>\n<p>Die Gruppe \u201cRassismus t\u00f6tet!\u201d \u2013 Leipzig organisiert seit 2011 eine j\u00e4hrliche Gedenkdemonstration f\u00fcr alle Opfer rechter Gewalt in Leipzig. 2010 wurde Kamal K. in Leipzig von zwei Neonazis ermordet. Mit der Demonstration soll an die mindestens zehn Menschen in Leipzig und weiteren Todesopfern im Bundesgebiet erinnert werden, die seit 1990 aus rechten Motiven ermordet wurden. Am 24. Oktober 2020 j\u00e4hrt sich der rassistische Mord an Kamal K. in Leipzig bereits zum zehnten Mal.<\/p>\n<p>In den vergangenen zehn Jahren ist viel daf\u00fcr getan worden, dass die rechte Ideologie der M\u00f6rder von Kamal nicht mehr geleugnet wird und dass der Mord nicht in Vergessenheit ger\u00e4t.<\/p>\n<p>Am Montag wird es im Rahmen der \u201ckritischen Einf\u00fchrungswochen\u201d an der Universit\u00e4t Leipzig einen kleinen Rundgang in der Innenstadt geben, um an drei rechte Morde in der Stadt zu erinnern. Am Dienstag findet ab 15 Uhr, von der Moritzbastei aus, eine Demonstration vom \u201cLadenschlussb\u00fcndnis\u201d gegen Neonazis zu rechtsradikalen Netzwerken im Leipziger Zentrum statt. Am Samstag zieht eine gr\u00f6\u00dfere Demonstration unter dem Titel \u201eNiemand ist vergessen, Nichts ist vergeben!\u201c ab 16:30 Uhr vom S\u00fcdplatz aus durch die Stadt. Weitere Veranstaltungen unter der Woche sind noch in Planung.<\/p>\n<p>Der Sprecher der Gruppe \u201cRassismus t\u00f6tet!\u201c \u2013 Leipzig, Hannes Heinze, \u00e4u\u00dfert sich dazu wie folgt:<\/p>\n<p>\u201cWir wollen weiterhin dazu beitragen, Schweigen, Wegschauen, Leugnen und Verharmlosen des Rassismus und der rechten Gewalt in diesem Land und der Stadt zu beenden. Menschen wie Kamal d\u00fcrfen nicht vergessen werden. Und so liegt es auch in diesem Jahr nicht beim Staat, sondern bei aktiven Antifaschist*innen und Antirassist*innen, das Gedenken an Kamal K. und allen weiteren Todesopfern rechter Gewalt in Leipzig und Deutschland lebendig zu halten.\u201d<\/p>\n<p>Es gibt einen bundesweiten Aufruf sich an der Aktionswoche zu beteiligen. Dazu sind bereits zwei Bilder entstanden:<\/p>\n<p>Rostock: https:\/\/twitter.com\/alphak55\/status\/1317523727194771460<\/p>\n<p>Leipzig: https:\/\/twitter.com\/RASSISMUSTOETET\/status\/1315360955866415105<\/p>\n<p>Aufruf zur Demonstration am 24. Oktober: https:\/\/www.rassismus-toetet-leipzig.org\/index.php\/niemand-ist-vergessen-nichts-ist-vergeben<\/p>\n","protected":false},"excerpt":{"rendered":"<p>25.10.2020: In der Woche vom 19. bis 24. Oktober fanden in Leipzig eine Reihe von Veranstaltungen zu den Themen rechte Morde seit 1990 und rechtsradikale Netzwerke statt. Die Gruppe \u201cRassismus t\u00f6tet!\u201d \u2013 Leipzig organisiert seit 2011 eine j\u00e4hrliche Gedenkdemonstration f\u00fcr alle Opfer rechter Gewalt in Leipzig. 2010 wurde Kamal K. in Leipzig von zwei Neonazis [&hellip;]<\/p>\n","protected":false},"author":2,"featured_media":2354,"comment_status":"closed","ping_status":"open","sticky":false,"template":"","format":"standard","meta":{"footnotes":""},"categories":[1],"tags":[],"class_list":["post-2353","post","type-post","status-publish","format-standard","has-post-thumbnail","hentry","category-allgemein"],"_links":{"self":[{"href":"https:\/\/www.rassismus-toetet-leipzig.org\/index.php\/wp-json\/wp\/v2\/posts\/2353","targetHints":{"allow":["GET"]}}],"collection":[{"href":"https:\/\/www.rassismus-toetet-leipzig.org\/index.php\/wp-json\/wp\/v2\/posts"}],"about":[{"href":"https:\/\/www.rassismus-toetet-leipzig.org\/index.php\/wp-json\/wp\/v2\/types\/post"}],"author":[{"embeddable":true,"href":"https:\/\/www.rassismus-toetet-leipzig.org\/index.php\/wp-json\/wp\/v2\/users\/2"}],"replies":[{"embeddable":true,"href":"https:\/\/www.rassismus-toetet-leipzig.org\/index.php\/wp-json\/wp\/v2\/comments?post=2353"}],"version-history":[{"count":1,"href":"https:\/\/www.rassismus-toetet-leipzig.org\/index.php\/wp-json\/wp\/v2\/posts\/2353\/revisions"}],"predecessor-version":[{"id":2355,"href":"https:\/\/www.rassismus-toetet-leipzig.org\/index.php\/wp-json\/wp\/v2\/posts\/2353\/revisions\/2355"}],"wp:featuredmedia":[{"embeddable":true,"href":"https:\/\/www.rassismus-toetet-leipzig.org\/index.php\/wp-json\/wp\/v2\/media\/2354"}],"wp:attachment":[{"href":"https:\/\/www.rassismus-toetet-leipzig.org\/index.php\/wp-json\/wp\/v2\/media?parent=2353"}],"wp:term":[{"taxonomy":"category","embeddable":true,"href":"https:\/\/www.rassismus-toetet-leipzig.org\/index.php\/wp-json\/wp\/v2\/categories?post=2353"},{"taxonomy":"post_tag","embeddable":true,"href":"https:\/\/www.rassismus-toetet-leipzig.org\/index.php\/wp-json\/wp\/v2\/tags?post=2353"}],"curies":[{"name":"wp","href":"https:\/\/api.w.org\/{rel}","templated":true}]}}