{"id":2284,"date":"2019-10-21T11:47:23","date_gmt":"2019-10-21T09:47:23","guid":{"rendered":"https:\/\/www.rassismus-toetet-leipzig.org\/?p=2284"},"modified":"2019-10-21T11:47:24","modified_gmt":"2019-10-21T09:47:24","slug":"24-10-gedenken-an-kamal","status":"publish","type":"post","link":"https:\/\/www.rassismus-toetet-leipzig.org\/index.php\/24-10-gedenken-an-kamal\/","title":{"rendered":"24.10.: Gedenken an Kamal"},"content":{"rendered":"\n<p>Seit 1990 wurden in Leipzig mindestens 10 Menschen aus rechten Motiven ermordet. Einer von ihnen ist Kamal K. <\/p>\n\n\n\n<p>Der 19-j\u00e4hrige Kamal K. wurde in der Nacht vom 23. auf den 24. Oktober 2010 im Park am Willy-Brandt-Platz von den Neonazis Marcus E. und Daniel K. durch mehrere Messerstiche ermordet. Das aktive Erinnern ist zentral f\u00fcr eine antifaschistische Praxis und unerl\u00e4sslich. Das Anklagen rechter \u00dcbergriffe und das vehemente Erinnern daran muss politische Selbstverst\u00e4ndlichkeit sein. Die Tat an sich verdeutlicht die gesellschaftlichen Zust\u00e4nde. Es sollte nicht zuletzt all denen, die als Mitglieder*innen der Mehrheitsgesellschaft frei von diskriminierenden Alltagserfahrungen sind und \u00fcber allgegenw\u00e4rtige Privilegien verf\u00fcgen, vergegenw\u00e4rtigen, welche t\u00f6dlichen Konsequenzen menschenverachtende Einstellungen mit sich bringen. <\/p>\n\n\n\n<p>Gedenkorte sollen ein dauerhafter Platz der Erinnerung f\u00fcr die Betroffenen und Hinterbliebenen sein. Im Jahr 2013 wurde eine Gedenktafel f\u00fcr Kamal K. in der C.W. M\u00fcller \u2013 Anlage am Hauptbahnhof angebracht. Ein Gedenkort bedeutet jedoch nicht gleichzeitig ein aktives Gedenken. Dieses gilt es immer wieder zu erneuern und mit der Gefahr rechter Gewalt im Hier und Jetzt in Verbindung zu bringen. Nach der Schaffung eines Gedenkortes darf der Diskurs um die Hintergr\u00fcnde der Taten nicht aufh\u00f6ren. <\/p>\n\n\n\n<p>Unsere Solidarit\u00e4t gilt den Opfern rassistischer Angriffe, unser gemeinsamer Kampf den tagt\u00e4glichen menschenfeindlichen Zumutungen dieser Gesellschaft. <\/p>\n\n\n\n<p>Aus diesen Gr\u00fcnden gedenken wir erneut Kamal K. am <strong>24.10.2019 ab 18 Uhr am Gedenkstein<\/strong> in der C.W. M\u00fcller \u2013 Anlage am Hauptbahnhof. <\/p>\n\n\n\n<p><strong>Bringt gerne bitte Kerzen und\/oder Blumen mit.<\/strong><\/p>\n","protected":false},"excerpt":{"rendered":"<p>Seit 1990 wurden in Leipzig mindestens 10 Menschen aus rechten Motiven ermordet. Einer von ihnen ist Kamal K. Der 19-j\u00e4hrige Kamal K. wurde in der Nacht vom 23. auf den 24. Oktober 2010 im Park am Willy-Brandt-Platz von den Neonazis Marcus E. und Daniel K. durch mehrere Messerstiche ermordet. Das aktive Erinnern ist zentral f\u00fcr [&hellip;]<\/p>\n","protected":false},"author":2,"featured_media":1275,"comment_status":"closed","ping_status":"open","sticky":false,"template":"","format":"standard","meta":{"footnotes":""},"categories":[1],"tags":[],"class_list":["post-2284","post","type-post","status-publish","format-standard","has-post-thumbnail","hentry","category-allgemein"],"_links":{"self":[{"href":"https:\/\/www.rassismus-toetet-leipzig.org\/index.php\/wp-json\/wp\/v2\/posts\/2284","targetHints":{"allow":["GET"]}}],"collection":[{"href":"https:\/\/www.rassismus-toetet-leipzig.org\/index.php\/wp-json\/wp\/v2\/posts"}],"about":[{"href":"https:\/\/www.rassismus-toetet-leipzig.org\/index.php\/wp-json\/wp\/v2\/types\/post"}],"author":[{"embeddable":true,"href":"https:\/\/www.rassismus-toetet-leipzig.org\/index.php\/wp-json\/wp\/v2\/users\/2"}],"replies":[{"embeddable":true,"href":"https:\/\/www.rassismus-toetet-leipzig.org\/index.php\/wp-json\/wp\/v2\/comments?post=2284"}],"version-history":[{"count":1,"href":"https:\/\/www.rassismus-toetet-leipzig.org\/index.php\/wp-json\/wp\/v2\/posts\/2284\/revisions"}],"predecessor-version":[{"id":2285,"href":"https:\/\/www.rassismus-toetet-leipzig.org\/index.php\/wp-json\/wp\/v2\/posts\/2284\/revisions\/2285"}],"wp:featuredmedia":[{"embeddable":true,"href":"https:\/\/www.rassismus-toetet-leipzig.org\/index.php\/wp-json\/wp\/v2\/media\/1275"}],"wp:attachment":[{"href":"https:\/\/www.rassismus-toetet-leipzig.org\/index.php\/wp-json\/wp\/v2\/media?parent=2284"}],"wp:term":[{"taxonomy":"category","embeddable":true,"href":"https:\/\/www.rassismus-toetet-leipzig.org\/index.php\/wp-json\/wp\/v2\/categories?post=2284"},{"taxonomy":"post_tag","embeddable":true,"href":"https:\/\/www.rassismus-toetet-leipzig.org\/index.php\/wp-json\/wp\/v2\/tags?post=2284"}],"curies":[{"name":"wp","href":"https:\/\/api.w.org\/{rel}","templated":true}]}}