{"id":2221,"date":"2019-02-14T15:14:34","date_gmt":"2019-02-14T13:14:34","guid":{"rendered":"https:\/\/fckp3.dontexist.net\/blogs\/wordpress\/rassismus-toetet\/wordpress\/?p=2221"},"modified":"2019-02-14T15:14:36","modified_gmt":"2019-02-14T13:14:36","slug":"solidaritaet-muss-praktisch-werden-gegen-die-polizeigewalt-in-frankreich-police-partout-justice-nulle-part","status":"publish","type":"post","link":"https:\/\/www.rassismus-toetet-leipzig.org\/index.php\/solidaritaet-muss-praktisch-werden-gegen-die-polizeigewalt-in-frankreich-police-partout-justice-nulle-part\/","title":{"rendered":"Solidarit\u00e4t muss praktisch werden! Gegen die Polizeigewalt in Frankreich! Police partout, justice nulle part."},"content":{"rendered":"\n<p style=\"font-size:15px\">Zerfetzte Gliedma\u00dfen, innere Verletzungen, gebrochene \nKnochen, schwere Verbrennungen, ausgeschossene Augen, offene Wunden und \nmehrere Tote.<\/p>\n\n\n\n<p style=\"font-size:15px\">Diese erschreckende Bilanz von mind. 93 Schwerverletzte \nund rund 1700 offiziell gez\u00e4hlte Verletzte sind ein Ergebnis von \nregelm\u00e4\u00dfigen Demonstrationen in Frankreich die seit 13 Wochen \nstattfinden. 13 Wochen in denen mittels Polizeigewalt und Brutalit\u00e4t \nversucht wird, einen Protest zu beenden, welcher soziale Fragen in den \nVordergrund r\u00fcckt und sich nicht durch warme Worte zerstreuen l\u00e4sst.<\/p>\n\n\n\n<p style=\"font-size:15px\">Das Leben und die Gesundheit von Menschen ist in Gefahr, \nwenn der Staat Aufstandsbek\u00e4mpfung betreibt, obwohl es keinen Aufstand \ngibt. Es reicht aus, sich an Kundgebungen und Besetzungen zu beteiligen,\n damit der Staat einem den Krieg erkl\u00e4rt. Selten konnten wir es so \ndeutlich sehen wie wenig notwendig ist, dass eine Regierung berechtigten\n Unmut mit milit\u00e4rischen Mitteln angreift. Nie mehr endender \n\u201eAusnahmezustand\u201c und das beschneiden der Demonstrationsrechte in \nFrankreich sind weitere Ergebnisse der vergangenen Wochen.<\/p>\n\n\n\n<p style=\"font-size:15px\">Wohlgemerkt sprechen wir hier von Frankreich, einem europ\u00e4ischen Nachbarstaat und nicht wahllos von irgendeiner Diktatur.<\/p>\n\n\n\n<p style=\"font-size:15px\">Es sollte uns stutzig machen, wie schnell Polizei Menschen\n verletzten und t\u00f6ten kann, wenn ein Protest zu laut und zu unbequem \nwird um ihn zu ignorieren. Zurzeit erleben wir eine best\u00e4ndige \nErweiterung der Polizeibefugnisse. Auch in Sachsen wird mit dem neuen \nPolizeigesetz eine weitere Militarisierung der Innenpolitik betrieben.<\/p>\n\n\n\n<p style=\"font-size:15px\">Wir sollten uns bewusst werden, dass auch Demonstrationen \nhier in Deutschland \/ Leipzig f\u00fcr bezahlbaren Wohnraum oder gegen eine \nVerl\u00e4ngerung der sch\u00e4dlichen Braunkohleverstromung ins Visier geraten \nk\u00f6nnen, wenn sie zu &#8218;erfolgreich&#8216; sind. Auch den massiven Beschuss mit \nTr\u00e4nengas in Leipzig am 12.12.2015 gegen Antifaschist*innen, die sich \neinem Neonaziaufmarsch entgegen stellten, zeigt wie der Staat auch in \nSachsen mit Protesten umgeht. Die Ereignisse in Frankreich sollten uns \neine Warnung sein. Gerade vor der weiteren Aufr\u00fcstung der Polizei in \nDeutschland.<\/p>\n\n\n\n<p style=\"font-size:15px\">Wir sind uns der rechten Versuche bewusst, die \nProtestbewegung in Frankreich zu vereinnahmen. Doch wir wollen diesen \ndas Terrain nicht \u00fcberlassen.<\/p>\n\n\n\n<p style=\"font-size:15px\">Unsere Solidarit\u00e4t ist deshalb umso wichtiger!<\/p>\n\n\n\n<p style=\"font-size:15px\">Wir fordern eine Ende der Polizeigewalt in Frankreich!<\/p>\n\n\n\n<p style=\"font-size:15px\">Gegen die Versch\u00e4rfung der Polizeigesetze!<\/p>\n\n\n\n<h2 class=\"wp-block-heading\">17.02.2019 16 Uhr &#8211; Wiedebachplatz Connewitz \/ Leipzig <\/h2>\n\n\n\n<p style=\"font-size:15px\">Initiative gegen Polizeigewalt<\/p>\n\n\n\n<p>&#8212;<\/p>\n\n\n\n<p style=\"font-size:15px\">La solidarit\u00e9 doit devenir pratique ! Contre la violence polici\u00e8re en France !<\/p>\n\n\n\n<p style=\"font-size:15px\">Membres d\u00e9chir\u00e9s, blessures internes, os fractur\u00e9s, br\u00fblures graves, yeux souffl\u00e9s, plaies ouvertes et plusieurs d\u00e9c\u00e8s.<\/p>\n\n\n\n<p style=\"font-size:15px\">Ce bilan choquant d&#8217;au moins 93 bless\u00e9s graves et \nd&#8217;environ 1700 bless\u00e9s recens\u00e9s officiellement est le r\u00e9sultat de \nmanifestations r\u00e9guli\u00e8res en France qui se d\u00e9roulent depuis 13 semaines.\n 13 semaines pendant lesquelles la violence et la brutalit\u00e9 polici\u00e8res \nsont utilis\u00e9es pour tenter de mettre fin \u00e0 une manifestation qui se \nconcentre sur des questions sociales et ne peut \u00eatre distraite par des \nparoles chaleureuses.<\/p>\n\n\n\n<p style=\"font-size:15px\">La vie et la sant\u00e9 des gens sont en danger si l&#8217;\u00c9tat lutte\n contre l&#8217;insurrection alors qu&#8217;il n&#8217;y a pas d&#8217;insurrection. Il suffit \nde participer \u00e0 des rassemblements et \u00e0 des occupations pour que l&#8217;Etat \nvous d\u00e9clare la guerre. Nous avons rarement vu aussi clairement \u00e0 quel \npoint il est facile pour un gouvernement d&#8217;attaquer un m\u00e9contentement \njustifi\u00e9 avec des moyens militaires. L&#8217;interminable &#8222;\u00e9tat d&#8217;urgence&#8220; et \nla r\u00e9duction des droits de manifestation en France sont d&#8217;autres \nr\u00e9sultats de ces derni\u00e8res semaines.<\/p>\n\n\n\n<p style=\"font-size:15px\">Attention, il s&#8217;agit ici de la France, d&#8217;un \u00c9tat voisin europ\u00e9en et non pas d&#8217;une dictature sans discernement.<\/p>\n\n\n\n<p style=\"font-size:15px\">Nous devrions nous demander \u00e0 quelle vitesse la police \npeut blesser et tuer des gens si une manifestation devient trop bruyante\n et inconfortable pour \u00eatre ignor\u00e9e. \u00c0 l&#8217;heure actuelle, nous assistons \u00e0\n une augmentation constante des pouvoirs de la police. En Saxe aussi, la\n nouvelle loi sur la police militarise davantage la politique \nint\u00e9rieure.<\/p>\n\n\n\n<p style=\"font-size:15px\">Nous devons prendre conscience que les manifestations ici \nen Allemagne \/ \u00e0 Leipzig pour un espace de vie abordable ou contre une \nextension de la conversion nocive du lignite peuvent \u00e9galement \u00eatre \ncibl\u00e9es, si elles sont trop &#8222;r\u00e9ussies&#8220;. Le bombardement massif au gaz \nlacrymog\u00e8ne \u00e0 Leipzig le 12.12.2015 contre des femmes antifascistes*, \nqui se sont oppos\u00e9es \u00e0 une marche n\u00e9o-fasciste, montre aussi comment \nl&#8217;Etat g\u00e8re les manifestations en Saxe. Les \u00e9v\u00e9nements en France \ndevraient nous servir d&#8217;avertissement. Juste avant la poursuite de \nl&#8217;armement de la police en Allemagne.<\/p>\n\n\n\n<p style=\"font-size:15px\">Nous sommes au courant des tentatives de la droite de \ns&#8217;emparer du mouvement de protestation en France. Mais nous ne voulons \npas leur laisser le terrain.<\/p>\n\n\n\n<p style=\"font-size:15px\">Notre solidarit\u00e9 est donc d&#8217;autant plus importante.<\/p>\n\n\n\n<p style=\"font-size:15px\">Nous exigeons la fin de la violence polici\u00e8re en France !<\/p>\n\n\n\n<p style=\"font-size:15px\">Contre le durcissement des lois polici\u00e8res !<\/p>\n\n\n\n<p style=\"font-size:15px\">17.02.2019 16 heures &#8211; Wiedebachplatz Connewitz \/ Leipzig <\/p>\n\n\n\n<p style=\"font-size:15px\">Initiative contre la violence polici\u00e8re<\/p>\n","protected":false},"excerpt":{"rendered":"<p>Zerfetzte Gliedma\u00dfen, innere Verletzungen, gebrochene Knochen, schwere Verbrennungen, ausgeschossene Augen, offene Wunden und mehrere Tote. Diese erschreckende Bilanz von mind. 93 Schwerverletzte und rund 1700 offiziell gez\u00e4hlte Verletzte sind ein Ergebnis von regelm\u00e4\u00dfigen Demonstrationen in Frankreich die seit 13 Wochen stattfinden. 13 Wochen in denen mittels Polizeigewalt und Brutalit\u00e4t versucht wird, einen Protest zu beenden, [&hellip;]<\/p>\n","protected":false},"author":2,"featured_media":2222,"comment_status":"closed","ping_status":"open","sticky":false,"template":"","format":"standard","meta":{"footnotes":""},"categories":[1],"tags":[],"class_list":["post-2221","post","type-post","status-publish","format-standard","has-post-thumbnail","hentry","category-allgemein"],"_links":{"self":[{"href":"https:\/\/www.rassismus-toetet-leipzig.org\/index.php\/wp-json\/wp\/v2\/posts\/2221","targetHints":{"allow":["GET"]}}],"collection":[{"href":"https:\/\/www.rassismus-toetet-leipzig.org\/index.php\/wp-json\/wp\/v2\/posts"}],"about":[{"href":"https:\/\/www.rassismus-toetet-leipzig.org\/index.php\/wp-json\/wp\/v2\/types\/post"}],"author":[{"embeddable":true,"href":"https:\/\/www.rassismus-toetet-leipzig.org\/index.php\/wp-json\/wp\/v2\/users\/2"}],"replies":[{"embeddable":true,"href":"https:\/\/www.rassismus-toetet-leipzig.org\/index.php\/wp-json\/wp\/v2\/comments?post=2221"}],"version-history":[{"count":1,"href":"https:\/\/www.rassismus-toetet-leipzig.org\/index.php\/wp-json\/wp\/v2\/posts\/2221\/revisions"}],"predecessor-version":[{"id":2223,"href":"https:\/\/www.rassismus-toetet-leipzig.org\/index.php\/wp-json\/wp\/v2\/posts\/2221\/revisions\/2223"}],"wp:featuredmedia":[{"embeddable":true,"href":"https:\/\/www.rassismus-toetet-leipzig.org\/index.php\/wp-json\/wp\/v2\/media\/2222"}],"wp:attachment":[{"href":"https:\/\/www.rassismus-toetet-leipzig.org\/index.php\/wp-json\/wp\/v2\/media?parent=2221"}],"wp:term":[{"taxonomy":"category","embeddable":true,"href":"https:\/\/www.rassismus-toetet-leipzig.org\/index.php\/wp-json\/wp\/v2\/categories?post=2221"},{"taxonomy":"post_tag","embeddable":true,"href":"https:\/\/www.rassismus-toetet-leipzig.org\/index.php\/wp-json\/wp\/v2\/tags?post=2221"}],"curies":[{"name":"wp","href":"https:\/\/api.w.org\/{rel}","templated":true}]}}