{"id":2027,"date":"2017-09-30T18:13:14","date_gmt":"2017-09-30T16:13:14","guid":{"rendered":"https:\/\/fckp3.dontexist.net\/blogs\/wordpress\/rassismus-toetet\/wordpress\/?p=2027"},"modified":"2018-10-15T14:10:33","modified_gmt":"2018-10-15T12:10:33","slug":"veranstaltungen-in-den-kritischen-einfuehrungswochen","status":"publish","type":"post","link":"https:\/\/www.rassismus-toetet-leipzig.org\/index.php\/veranstaltungen-in-den-kritischen-einfuehrungswochen\/","title":{"rendered":"Veranstaltungen in den kritischen Einf\u00fchrungswochen"},"content":{"rendered":"<p>Wir beteiligen uns in diesem Jahr wieder an den <a href=\"https:\/\/kew-leipzig.de\/programm-2017\/\">kritischen Einf\u00fchrungswochen in der Uni Leipzig<\/a>:<\/p>\n<p><strong>10.10.2017, 19 \u2013 21 Uhr: Antifaschistische Aktion \u2013 F\u00fcr die konsequente Intervention<\/strong><\/p>\n<p><i>&nbsp;Vortrag &amp; Diskussion \/ HS 8<\/i><\/p>\n<p>Nach Erfahrung mit rassistischen Mobilisierungen in Leipzig und Sachsen wollen wir anhand <a href=\"https:\/\/www.antifainfoblatt.de\/artikel\/antifaschistische-aktion-%E2%80%93-f%C3%BCr-die-konsequente-intervention\">eines Beitrags im Antifaschistischen Infoblatt<\/a> \u00fcber Interventionsm\u00f6glichkeiten diskutieren: \u201eW\u00e4hrend fast t\u00e4glich der rassistische Mob w\u00fctet [\u2026] und zahlreiche Politiker_innen immer wieder Versch\u00e4rfungen des Asylrechts fordern [\u2026] sucht die nur schwach vertretene antirassistische und antifaschistische Linke nach M\u00f6glichkeiten effektiver Interventionen.\u201c<\/p>\n<hr>\n<p><strong>20.10.2017, 17 \u2013 19 Uhr: Das Pogrom in Rostock \u2013 Politische und geistige Brandstiftung<\/strong><\/p>\n<p><i>&nbsp;Vortrag \/ HS 8<\/i><\/p>\n<p>In der Veranstaltung sollen die Hintergr\u00fcnde des Pogroms von Rostock Lichtenhagen 1992 beleuchtet und das Pogrom in den damaligen gesellschaftlichen Verh\u00e4ltnissen kontextualisiert werden. Wer waren die Scharfmacher*Innen, wer die Akteur*innen, welche Folgen hatte das Pogrom f\u00fcr die bundesrepublikanische Wirklichkeit damals und heute? Der Vortrag wird anhand von Videomaterial verschiedene Perspektiven auf das Pogrom von Rostock-Lichtenhagen offenlegen und zur Diskussion stellen.<\/p>\n","protected":false},"excerpt":{"rendered":"<p>Wir beteiligen uns in diesem Jahr wieder an den kritischen Einf\u00fchrungswochen in der Uni Leipzig: 10.10.2017, 19 \u2013 21 Uhr: Antifaschistische Aktion \u2013 F\u00fcr die konsequente Intervention &nbsp;Vortrag &amp; Diskussion \/ HS 8 Nach Erfahrung mit rassistischen Mobilisierungen in Leipzig und Sachsen wollen wir anhand eines Beitrags im Antifaschistischen Infoblatt \u00fcber Interventionsm\u00f6glichkeiten diskutieren: \u201eW\u00e4hrend fast [&hellip;]<\/p>\n","protected":false},"author":2,"featured_media":0,"comment_status":"closed","ping_status":"open","sticky":false,"template":"","format":"standard","meta":{"footnotes":""},"categories":[1],"tags":[],"class_list":["post-2027","post","type-post","status-publish","format-standard","hentry","category-allgemein"],"_links":{"self":[{"href":"https:\/\/www.rassismus-toetet-leipzig.org\/index.php\/wp-json\/wp\/v2\/posts\/2027","targetHints":{"allow":["GET"]}}],"collection":[{"href":"https:\/\/www.rassismus-toetet-leipzig.org\/index.php\/wp-json\/wp\/v2\/posts"}],"about":[{"href":"https:\/\/www.rassismus-toetet-leipzig.org\/index.php\/wp-json\/wp\/v2\/types\/post"}],"author":[{"embeddable":true,"href":"https:\/\/www.rassismus-toetet-leipzig.org\/index.php\/wp-json\/wp\/v2\/users\/2"}],"replies":[{"embeddable":true,"href":"https:\/\/www.rassismus-toetet-leipzig.org\/index.php\/wp-json\/wp\/v2\/comments?post=2027"}],"version-history":[{"count":1,"href":"https:\/\/www.rassismus-toetet-leipzig.org\/index.php\/wp-json\/wp\/v2\/posts\/2027\/revisions"}],"predecessor-version":[{"id":2028,"href":"https:\/\/www.rassismus-toetet-leipzig.org\/index.php\/wp-json\/wp\/v2\/posts\/2027\/revisions\/2028"}],"wp:attachment":[{"href":"https:\/\/www.rassismus-toetet-leipzig.org\/index.php\/wp-json\/wp\/v2\/media?parent=2027"}],"wp:term":[{"taxonomy":"category","embeddable":true,"href":"https:\/\/www.rassismus-toetet-leipzig.org\/index.php\/wp-json\/wp\/v2\/categories?post=2027"},{"taxonomy":"post_tag","embeddable":true,"href":"https:\/\/www.rassismus-toetet-leipzig.org\/index.php\/wp-json\/wp\/v2\/tags?post=2027"}],"curies":[{"name":"wp","href":"https:\/\/api.w.org\/{rel}","templated":true}]}}