{"id":1997,"date":"2017-07-28T13:23:05","date_gmt":"2017-07-28T11:23:05","guid":{"rendered":"https:\/\/fckp3.dontexist.net\/blogs\/wordpress\/rassismus-toetet\/wordpress\/?p=1997"},"modified":"2018-10-15T14:10:59","modified_gmt":"2018-10-15T12:10:59","slug":"24-august-im-conne-island-sonnenblumenhaus-das-pogrom-in-rostock-lichtenhagen","status":"publish","type":"post","link":"https:\/\/www.rassismus-toetet-leipzig.org\/index.php\/24-august-im-conne-island-sonnenblumenhaus-das-pogrom-in-rostock-lichtenhagen\/","title":{"rendered":"24.August im Conne Island: Sonnenblumenhaus \u2013 Das Pogrom in Rostock-Lichtenhagen"},"content":{"rendered":"<p>Am 25. August kommt es im Rahmen des 25. Jahrestages des Pogroms in Rostock-Lichtenhagen zur Auff\u00fchrung des Theaterst\u00fccks \u201cSonnenblumenhaus\u201c im Institut fuer Zukunft (IfZ).<\/p>\n<p>Das von Dan Thy Nguyen und Iraklis Panagiotopoulos produzierte St\u00fcck dokumentiert das rassistische Pogrom von Rostock 1992 und \u201everarbeitet die Sicht der belagerten Menschen\u201c. Diese wurden daf\u00fcr ausfindig gemacht und interviewt. Aus ihren Aussagen wurde das St\u00fcck entwickelt.<\/p>\n<p>Wir m\u00f6chten die Gelegenheit nutzen, um mit Dan Thy Nguyen vor der Auff\u00fchrung im IfZ \u00fcber das Pogrom in Rostock zu sprechen. Kunst- und Kulturschaffende haben oft die M\u00f6glichkeit, mit ihren Arbeiten Menschen auch au\u00dferhalb von politischen Zusammenh\u00e4ngen und Kontexten zu erreichen und sie zu einer intensiven, wenn auch zeitlich begrenzten, Auseinandersetzung mit ihren Themen zu bewegen. Vor welchen Herausforderungen sie dabei auch stehen, wenn es um die Erinnerung an Ereignisse wie in Rostock geht, werden wir ihn fragen.<\/p>\n<p><strong>Am 24. August, Einlass um 18:45 Uhr (Beginn 19 Uhr) auf der Fl\u00e4che des Sommerkinos im Conne Island (Koburger Stra\u00dfe 3)<\/strong><\/p>\n","protected":false},"excerpt":{"rendered":"<p>Am 25. August kommt es im Rahmen des 25. Jahrestages des Pogroms in Rostock-Lichtenhagen zur Auff\u00fchrung des Theaterst\u00fccks \u201cSonnenblumenhaus\u201c im Institut fuer Zukunft (IfZ). Das von Dan Thy Nguyen und Iraklis Panagiotopoulos produzierte St\u00fcck dokumentiert das rassistische Pogrom von Rostock 1992 und \u201everarbeitet die Sicht der belagerten Menschen\u201c. Diese wurden daf\u00fcr ausfindig gemacht und interviewt. [&hellip;]<\/p>\n","protected":false},"author":2,"featured_media":48,"comment_status":"closed","ping_status":"open","sticky":false,"template":"","format":"standard","meta":{"footnotes":""},"categories":[9,1],"tags":[],"class_list":["post-1997","post","type-post","status-publish","format-standard","has-post-thumbnail","hentry","category-aktuelles","category-allgemein"],"_links":{"self":[{"href":"https:\/\/www.rassismus-toetet-leipzig.org\/index.php\/wp-json\/wp\/v2\/posts\/1997","targetHints":{"allow":["GET"]}}],"collection":[{"href":"https:\/\/www.rassismus-toetet-leipzig.org\/index.php\/wp-json\/wp\/v2\/posts"}],"about":[{"href":"https:\/\/www.rassismus-toetet-leipzig.org\/index.php\/wp-json\/wp\/v2\/types\/post"}],"author":[{"embeddable":true,"href":"https:\/\/www.rassismus-toetet-leipzig.org\/index.php\/wp-json\/wp\/v2\/users\/2"}],"replies":[{"embeddable":true,"href":"https:\/\/www.rassismus-toetet-leipzig.org\/index.php\/wp-json\/wp\/v2\/comments?post=1997"}],"version-history":[{"count":1,"href":"https:\/\/www.rassismus-toetet-leipzig.org\/index.php\/wp-json\/wp\/v2\/posts\/1997\/revisions"}],"predecessor-version":[{"id":1999,"href":"https:\/\/www.rassismus-toetet-leipzig.org\/index.php\/wp-json\/wp\/v2\/posts\/1997\/revisions\/1999"}],"wp:featuredmedia":[{"embeddable":true,"href":"https:\/\/www.rassismus-toetet-leipzig.org\/index.php\/wp-json\/wp\/v2\/media\/48"}],"wp:attachment":[{"href":"https:\/\/www.rassismus-toetet-leipzig.org\/index.php\/wp-json\/wp\/v2\/media?parent=1997"}],"wp:term":[{"taxonomy":"category","embeddable":true,"href":"https:\/\/www.rassismus-toetet-leipzig.org\/index.php\/wp-json\/wp\/v2\/categories?post=1997"},{"taxonomy":"post_tag","embeddable":true,"href":"https:\/\/www.rassismus-toetet-leipzig.org\/index.php\/wp-json\/wp\/v2\/tags?post=1997"}],"curies":[{"name":"wp","href":"https:\/\/api.w.org\/{rel}","templated":true}]}}