{"id":1975,"date":"2017-05-18T11:31:41","date_gmt":"2017-05-18T09:31:41","guid":{"rendered":"https:\/\/fckp3.dontexist.net\/blogs\/wordpress\/rassismus-toetet\/wordpress\/?p=1975"},"modified":"2018-10-15T14:11:24","modified_gmt":"2018-10-15T12:11:24","slug":"statement-zur-absage-der-teilnahme-an-der-veranstaltung-allein-unter-fluechtlingen-03-05-2017-conne-island-mit-tuvia-tenenbom","status":"publish","type":"post","link":"https:\/\/www.rassismus-toetet-leipzig.org\/index.php\/statement-zur-absage-der-teilnahme-an-der-veranstaltung-allein-unter-fluechtlingen-03-05-2017-conne-island-mit-tuvia-tenenbom\/","title":{"rendered":"Statement zur Absage der Teilnahme an der Veranstaltung &#8222;Allein unter Fl\u00fcchtlingen&#8220; (03.05.2017, Conne Island) mit Tuvia Tenenbom"},"content":{"rendered":"<div id=\"magicdomid73\" class=\"\"><span class=\"\">Wie am <a href=\"https:\/\/fckp3.dontexist.net\/blogs\/wordpress\/rassismus-toetet\/wordpress\/index.php\/zur-absage-der-lesung-allein-unter-fluechtlingen-mit-tuvia-tenenbom\/\">03.05. angek\u00fcndigt<\/a>, folgt im Weiteren eine Erkl\u00e4rung, weshalb wir uns entschieden haben, die Lesung mit Tuvia Tenenbom nicht mehr umzusetzen. Dabei wollen wir auf nachstehende Punkte eingehen:<\/span><\/div>\n<div id=\"magicdomid75\" class=\"\">\n<ul class=\"list-bullet1\">\n<li><span class=\"\">Intention der Veranstaltung<\/span><\/li>\n<\/ul>\n<\/div>\n<div id=\"magicdomid77\" class=\"\">\n<ul class=\"list-bullet1\">\n<li><span class=\"\">Umgang mit der Information, dass Tuvia Tenenbom am 06.05. in Schnellroda auftritt<\/span><\/li>\n<\/ul>\n<\/div>\n<div id=\"magicdomid79\" class=\"\">\n<ul class=\"list-bullet1\">\n<li><span class=\"\">Anstatt der Lesung: Gespr\u00e4ch mit Tuvia und Isi Tenenbom<\/span><\/li>\n<\/ul>\n<\/div>\n<div id=\"magicdomid80\" class=\"\">&nbsp;<\/div>\n<div id=\"magicdomid81\" class=\"\"><span class=\"b\"><b>Intention der Veranstaltung<\/b><\/span><\/div>\n<div id=\"magicdomid82\" class=\"\">&nbsp;<\/div>\n<div id=\"magicdomid83\" class=\"\"><span class=\"\">In den <a href=\"https:\/\/fckp3.dontexist.net\/blogs\/wordpress\/rassismus-toetet\/wordpress\/index.php\/archiv\/\">vergangenen Jahren<\/a> haben wir als Gruppe bereits zwei Lesungen mit Tuvia Tenebom veranstaltet. Die inhaltliche Auseinandersetzung mit seinen B\u00fcchern war f\u00fcr uns jedes Mal interessant und konstruktiv. Auch mit dieser Lesung und Diskussion, somit der Pr\u00e4sentation des Buches \u201eAllein unter Fl\u00fcchtlingen\u201c, erhofften wir uns einen Austausch zu zentralen Punkten seines Berichts.<br \/>\n<\/span><\/div>\n<div class=\"\">&nbsp;<\/div>\n<div id=\"magicdomid85\" class=\"\"><span class=\"\">Da wir als Gruppe bereits umfangreich zum Thema Asyl und der Situation von Gefl\u00fcchteten in Deutschland gearbeitet haben, waren wir auf die Perspektive von Tuvia Tenenbom gespannt. Insbesondere die reale Bedrohung Gefl\u00fcchteter innerhalb einer rassistischen Mehrheitsgesellschaft und das Leben der Betroffenen unter menschenunw\u00fcrdigen Bedingungen waren f\u00fcr uns zentrale Ansatzpunkte.&nbsp;<\/span><\/div>\n<div id=\"magicdomid86\" class=\"\">&nbsp;<\/div>\n<div id=\"magicdomid87\" class=\"\"><span class=\"\">Tuvia Tenenbom fokussiert in seinem Buch den Widerspruch zwischen sogenannter \u201eWillkommenskultur\u201c und der realen Asylpolitik. Der formulierte Widerspruch ist jedoch nur ein scheinbarer. Tenenbom erkennt dies und versucht ein Ungleichgewicht zwischen dem Anspruch des \u201eWir schaffen das!\u201c und den bestehenden Zust\u00e4nden in Asylunterk\u00fcnften sowie der deutschen Politik aufzuzeigen. Wir teilen seine Einsch\u00e4tzung, dass vielen Menschen der menschenverachtende Umgang mit Asylsuchenden in Deutschland und Europa ziemlich egal ist und gerade in Deutschland die sogenannte \u201eWillkommenskultur\u201c mehr eine internationale Imagekampagne f\u00fcr Deutschland darstellt, anstatt <a href=\"https:\/\/fckp3.dontexist.net\/blogs\/wordpress\/rassismus-toetet\/wordpress\/index.php\/12-1-2015-demonstration-refugees-welcome-gegen-jeden-rassismus-legida-entgegentreten\/\">einer dauerhaften und realen Unterst\u00fctzung f\u00fcr Menschen<\/a>.<\/span><\/div>\n<div id=\"magicdomid88\" class=\"\">&nbsp;<\/div>\n<div id=\"magicdomid89\" class=\"\"><span class=\"\">In Vorbereitung der Veranstaltung haben wir uns intensiv mit seinem neuen Buch auseinandergesetzt und diskutable Aussagen bzw. Leerstellen herausgearbeitet, die wir &#8211; aus unserer politischen Sichtweise &#8211; mit ihm er\u00f6rtern wollten. Die Diskussion im Nachgang der Lesung sollte Erkenntnisse versprechen, die Tenenboms Position zum deutschen Journalismus sowie seinem Verh\u00e4ltnis gegen\u00fcber rechten AkteurInnen betrifft.<\/span><\/div>\n<div id=\"magicdomid90\" class=\"\">&nbsp;<\/div>\n<div id=\"magicdomid91\" class=\"\"><span class=\"\">In seinen B\u00fcchern behandelt Tuvia Tenenbom auch immer den Antisemitismus in der Gesellschaft, ein viel zu oft nicht beachtetes Problem, gerade auch in Deutschland. Seine Auseinandersetzung mit dem Antisemitismus unter Asylsuchenden und ihren Unterst\u00fctzer*innen w\u00e4re ebenfalls ein wichtiger Diskussionspunkt gewesen. Genauso die Frage, weshalb der Antisemitismus von seinen rechten Gespr\u00e4chspartnerInnen nicht thematisiert wird.<\/span><\/div>\n<div id=\"magicdomid92\" class=\"\">&nbsp;<\/div>\n<div id=\"magicdomid93\" class=\"\"><span class=\"\">Eine weiterer Kritikpunkt ist, dass in seinem Buch <a href=\"https:\/\/www.rechtesland.de\/\">der starke Anstieg an rassistisch-motivierter Gewalt<\/a> &#8211; Brandanschl\u00e4ge, gewaltt\u00e4tige Angriffe auf Gefl\u00fcchtete, rassistische Beleidigungen &#8211; kaum Erw\u00e4hnung findet. Das Themengebiet bleibt nahezu unbeachtet, obwohl Tenenbom mit Asylsuchenden und ihren Unterst\u00fctzer*innen sowie Politiker*innen sprach.&nbsp;<\/span><\/div>\n<div id=\"magicdomid94\" class=\"\">&nbsp;<\/div>\n<div id=\"magicdomid95\" class=\"\"><span class=\"\">Gerade in Sachsen ist es, aufgrund von <a href=\"https:\/\/blog.rechtesland.de\/rechte-und-rassistische-demonstrationen-in-sachsen-2015\/\">rechten Mob-Bildungen<\/a> f\u00fcr linke Zusammenh\u00e4nge seit mehreren Jahren unerl\u00e4sslich, sich sch\u00fctzend vor Unterk\u00fcnfte f\u00fcr Gefl\u00fcchtete zu stellen. Dabei wurde und wird auch immer wieder die menschenverachtende deutsche Asylpolitik kritisiert, deshalb sollte sein Ausblenden der gewaltvollen rassistischen Zust\u00e4nde nicht unwidersprochen hingenommen werden.<\/span><\/div>\n<div id=\"magicdomid96\" class=\"\">&nbsp;<\/div>\n<div id=\"magicdomid97\" class=\"\"><span class=\"\">Wir&nbsp; sehen Tuvia Tenenbom aufgrund der vorherigen gemeinsamen Veranstaltungen nicht als einen \u201eProvokateur\u201c an, der lediglich \u00fcberspitzt, um Aufmerksamkeit zu erhaschen, daher versprach unserer Meinung nach ein solcher Austausch Interessantes. Dieser sollte dabei zur Reflexion beitragen, weshalb Tuvia Tenenbom unter sogenannten Linken so beliebt scheint, trotz seiner Ansichten zu Demokratie und Meinungsfreiheit und den damit gegebenen Ankn\u00fcpfungsm\u00f6glichkeiten f\u00fcr rechte Argumentationsmuster.<\/span><\/div>\n<div id=\"magicdomid98\" class=\"\">&nbsp;<\/div>\n<div id=\"magicdomid99\" class=\"\"><span class=\"b\"><b>Tuvia Tenenbom in Schnellroda&nbsp;<\/b><\/span><\/div>\n<div id=\"magicdomid100\" class=\"\">&nbsp;<\/div>\n<div id=\"magicdomid101\" class=\"\"><span class=\"\">Die Information, wonach Tuvia Tenenbom am 06.05. in Schnellroda im Institut f\u00fcr Staatspolitik (IfS) auftritt, erreichte uns am Nachmittag des 28.04.2017.<\/span><\/div>\n<div id=\"magicdomid102\" class=\"\">&nbsp;<\/div>\n<div id=\"magicdomid103\" class=\"\"><span class=\"\">Das Institut f\u00fcr Staatspolitik (IfS) wurde im Jahr 2000 u.a. von <a href=\"https:\/\/www.antifainfoblatt.de\/search\/node\/G%C3%B6tz%20Kubitschek\">G\u00f6tz Kubitschek<\/a> und <a href=\"https:\/\/www.antifainfoblatt.de\/search\/node\/Karlheinz%20Wei%C3%9Fmann\">Karlheinz Wei\u00dfmann<\/a> gegr\u00fcndet. Das IfS hat zum Ziel, eine neurechte \u201einstitutionalisierte Bildungs- und Forschungsarbeit\u201c zu etablieren. Kubitschek ist einer der wichtigsten Vertreter und Organisator der \u201eNeuen Rechten\u201c, welche gut vernetzt ist und zum fortlaufenden Rechtsruck der Gesellschaft beitr\u00e4gt. Unter anderem pflegt er gute Kontakte zur Th\u00fcringer AfD, der Identit\u00e4ren Bewegung und war Redner bei <a href=\"https:\/\/www.inventati.org\/leipzig\/?page_id=2663\">Legida und Pegida<\/a>.&nbsp;<\/span><\/div>\n<div id=\"magicdomid104\" class=\"\">&nbsp;<\/div>\n<div id=\"magicdomid105\" class=\"\"><span class=\"\">Um Kubitschek gibt es eine Infrastruktur, die der \u201eNeuen Rechten\u201c essenzielle M\u00f6glichkeiten zur Ver\u00f6ffentlichung und Weiterbildung bietet. So gibt das IfS sechs Mal im Jahr die Zeitschrift Sezession heraus. Ebenso hat Kubitschek den Verlag \u201eAntaios\u201c gegr\u00fcndet, der bisher rund 150 B\u00fccher herausbrachte. Letztendlich kann Kubitschek und sein Umfeld als theoretisches Fundament dessen gesehen werden, was die AfD im Landtag und Pegida auf der Stra\u00dfe fordern: eine R\u00fcckkehr zum v\u00f6lkischen Nationalismus. Angestrebt wird eine Gesellschaftsform wie zur Zeit des Nationalsozialismus in Deutschland. Das wird u.a. dadurch deutlich, dass das IfS im Jahr 2005 den Aufruf \u201eGegen das Vergessen\u201c mittrug, der sich gegen die Interpretation des 8. Mai 1945 als Tag der Befreiung wandte.<\/span><\/div>\n<div id=\"magicdomid106\" class=\"\">&nbsp;<\/div>\n<div id=\"magicdomid107\" class=\"\"><span class=\"\">Wir waren aufgrund dieser Informationen sehr irritiert dar\u00fcber, dass Tuvia Tenenbom dort auftreten m\u00f6chte und somit rechten Akteuren eine Plattform zum Austausch sowie eine M\u00f6glichkeit zur Inszenierung g\u00e4ben w\u00fcrde. Daher haben wir noch am selben Tag Tuvia und Isi Tenenbom eine E-Mail geschrieben. Darin baten wir die Beiden, die aufgef\u00fchrten Fragen zu beantworten:&nbsp;<\/span><\/div>\n<div id=\"magicdomid108\" class=\"\">&nbsp;<\/div>\n<div id=\"magicdomid109\" class=\"\"><span class=\"\">\u201eK\u00f6nnt ihr uns sagen, was das f\u00fcr eine Veranstaltung ist, wer zugegen sein k\u00f6nnte und was letztlich der Gegenstand der Auseinandersetzung, das Ziel der Veranstaltung ist?\u201c.<\/span><\/div>\n<div id=\"magicdomid110\" class=\"\"><span class=\"\">&nbsp;<\/span><\/div>\n<div id=\"magicdomid111\" class=\"\"><span class=\"\">Wir haben gleichzeitig transparent gemacht, dass eine Absage unsererseits durchaus im Raum steht. Neben der Nachricht an Tuvia und Isi Tenenbom kontaktierten wir unsere Kooperationspartnerin, das Conne Island (CI). Wir einigten uns auf eine abschlie\u00dfende Kl\u00e4rung zum Conne Island-Plenum am 02.05. Letztlich schrieben wir noch die Veranstalter*innen der Lesung mit Tuvia Tenenbom am 02.05. in Magdeburg an: die Rosa-Luxemburg-Stiftung sowie den Miteinander e.V.. Dieser Austausch war letztlich unbefriedigend, da keine uns ersichtliche Auseinandersetzung mit der Problematik stattfand.&nbsp;<\/span><\/div>\n<div id=\"magicdomid112\" class=\"\">&nbsp;<\/div>\n<div id=\"magicdomid113\" class=\"\"><span class=\"\">Bis zum CI-Plenum am 02.05. erhielten wir keine Reaktion von Tuvia und Isi Tenenbom. Die ausbleibende Reaktion und die damit fehlende Beantwortung der Fragen veranlassten uns, die Veranstaltung abzusagen bzw. unsere Teilnahme an dieser zur\u00fcckzuziehen. Dies teilten wir den Verantwortlichen auf dem CI-Plenum mit.&nbsp;<\/span><\/div>\n<div class=\"\">&nbsp;<\/div>\n<div id=\"magicdomid114\" class=\"\"><span class=\"\">Da wir die inhaltliche Vorbereitung der Veranstaltung ma\u00dfgeblich \u00fcbernommen hatten und das CI die Veranstaltung jedoch nicht g\u00e4nzlich absagen wollte, wurde sich f\u00fcr eine Verschiebung ausgesprochen. Unsere Entscheidung teilten wir Tuvia und Isi Tenenbom am Abend des 02.05. via E-Mail mit. In der Nachricht versuchten wir unser Bedauern \u00fcber die kurzfristige Absage auszudr\u00fccken und schlugen ihnen ein Treffen am Folgetag, f\u00fcr einen ausf\u00fchrlichen Austausch und die Darlegung unserer Beweggr\u00fcnde, vor.<\/span><\/div>\n<div id=\"magicdomid115\" class=\"\">&nbsp;<\/div>\n<div id=\"magicdomid116\" class=\"\"><span class=\"b\"><b>Anstatt der Lesung: Gespr\u00e4ch mit Tuvia und Isi Tenenbom<\/b><\/span><\/div>\n<div id=\"magicdomid117\" class=\"\">&nbsp;<\/div>\n<div id=\"magicdomid118\" class=\"\"><span class=\"\">Am 03.05. f\u00fchrten wir &#8211; zwei Personen von \u201eRassismus t\u00f6tet!\u201c- Leipzig sowie eine Person vom Conne Island &#8211; ein mehrst\u00fcndiges Gespr\u00e4ch mit Tuvia und Isi Tenenbom. Unserer Meinung nach ist es f\u00fcr dieses Statement wichtig, die Begr\u00fcndung von Tuvia Tenenbom f\u00fcr seinen Auftritt in Schnellroda darzulegen:<\/span><\/div>\n<div id=\"magicdomid119\" class=\"\">&nbsp;<\/div>\n<div id=\"magicdomid120\" class=\"\"><span class=\"\">&nbsp;Er verwies auf die Bedeutung der Rede- und Meinungsfreiheit f\u00fcr ihn. In einer Demokratie sollten alle Menschen, so Tenenbom, gleich (\u201eequal\u201c, also gleichberechtigt\/-wertig) sein. Ob dem so sei, ist vorerst nicht der zentrale Punkt, sondern der blo\u00dfe Anspruch daran sei ausschlaggebend. Entsprechend dieses Anspruchs gilt es, die Meinung einer anderen Person auszuhalten, auch wenn sie nicht der eigenen entspricht und auch, wenn sie nicht als gut\/richtig erachtet wird.<\/span><\/div>\n<div id=\"magicdomid121\" class=\"\">&nbsp;<\/div>\n<div id=\"magicdomid122\" class=\"\"><span class=\"\">Tuvia Tenenbom begr\u00fcndet im Weiteren seinen Auftritt mit dem Verweis auf den seiner Meinung nach nicht vorhandenen Unterschied zwischen der politischen Rechten, der Mitte und Linken.&nbsp;<\/span><\/div>\n<div id=\"magicdomid123\" class=\"\">&nbsp;<\/div>\n<div id=\"magicdomid124\" class=\"\"><span class=\"\">Sie seien alle Teil einer \u201ebig, huge family\u201c, die ein wenig \u201edysfunctional\u201c sei. Er attestierte allen \u201eDeutschen\u201c eine sehr \u00e4hnliche Art zu Denken, eine \u00e4hnliche Geisteshaltung und \u00e4hnliche Verhaltensweisen. Dies nennt er \u201eculture\u201c und alle seien Teil eben dieser. Das Bestehen unterschiedlicher politischer Perspektiven spielt f\u00fcr Tuvia Tenenbom eine untergeordnete Rolle. \u201eLinke\u201c und \u201eRechte\u201c seien Teil eben dieser \u201eFamilie\u201c &#8211; auch \u201etribe\u201c oder \u201enation\u201c genannt &#8211; und die Auseinandersetzungen oder Differenzen seien lediglich innerfamili\u00e4re Streitereien.<\/span><\/div>\n<div id=\"magicdomid125\" class=\"\">&nbsp;<\/div>\n<div id=\"magicdomid126\" class=\"\"><span class=\"\">Die Legitimation des Auftritts in Schnellroda erfolgt somit einerseits auf den Verweis der Gleichheit aller Menschen und der damit einhergehenden Rede- und Meinungsfreiheit, andererseits durch das Erkl\u00e4rungsmuster, wonach alle \u201eDeutschen\u201c gleich funktionieren w\u00fcrden und inhaltliche Unterschiede letztlich auszublenden seien.&nbsp;<\/span><\/div>\n<div id=\"magicdomid127\" class=\"\">&nbsp;<\/div>\n<div id=\"magicdomid128\" class=\"\"><span class=\"\">Der Frage, welche Absichten er mit dem Auftritt verfolge, mit welchen Zielen er in die Veranstaltung in Schnellroda gehe, beantwortete er mit dem Verweis, wonach er einfach hinfahren und reden w\u00fcrde. Er habe keine Absichten und bereite sich auch nicht auf Veranstaltungen vor, sondern nehme es so, wie es vor Ort kommt.<\/span><\/div>\n<div id=\"magicdomid129\" class=\"\">&nbsp;<\/div>\n<div id=\"magicdomid130\" class=\"\"><span class=\"b\"><b>Unser Fazit<\/b><\/span><\/div>\n<div id=\"magicdomid131\" class=\"\">&nbsp;<\/div>\n<div id=\"magicdomid132\" class=\"\"><span class=\"\">Unsere Position zu den Thesen von Tenenbom und unser Verst\u00e4ndnis von einer radikalen linken Politik ist, dass wir uns klar gegen rechte AkteurInnen wie G\u00f6tz Kubitschek (s.o.) positionieren und rechte Ideologien in keiner Weise unterst\u00fctzen.&nbsp;<\/span><\/div>\n<div id=\"magicdomid133\" class=\"\">&nbsp;<\/div>\n<div id=\"magicdomid134\" class=\"\"><span class=\"\">Diese Position legten wir auch in unserem Gespr\u00e4ch dar, jedoch fand diese unserer Meinung nach aber wenig bis kein Verst\u00e4ndnis. Es best\u00e4tigt uns jedoch in unserer Absage an der Teilnahme der Veranstaltung. Die Erkl\u00e4rung von Tuvia Tenenbom, alle Mitglieder einer \u201eculture\u201c h\u00e4tten \u00e4hnliche Verhaltensweisen und Denkweisen teilen wir nicht. Es stellt das eigenst\u00e4ndige Handeln und die Verantwortung von einzelnen Personen infrage und entschuldigt ebenso menschenverachtende Ideologien.&nbsp;<\/span><\/div>\n<div id=\"magicdomid135\" class=\"\">&nbsp;<\/div>\n<div id=\"magicdomid136\" class=\"\"><span class=\"\">Zudem sehen wir rassistische, antisemitische, sexistische oder LGBTIQ*-feindliche Einstellungen nicht als Meinung, sondern als menschenfeindliches und diskriminierendes Verhalten an. Dies f\u00fchrt gerade in Deutschland zu massiver Gewalt gegen Menschen und ist eben nicht nur eine \u201eMeinung\u201c. Wir sch\u00e4tzen es sehr, dass Tuvia Tenenbom mit uns dar\u00fcber diskutierte, jedoch mussten wir im Nachhinein feststellen, nicht auf einen gemeinsamen Nenner gekommen zu sein.<\/span><\/div>\n<div id=\"magicdomid137\" class=\"\">&nbsp;<\/div>\n<div id=\"magicdomid138\" class=\"\"><span class=\"\">Die Absage selbst ist durchaus auf den Auftritt von Tuvia Tenenbom in Schnellroda zur\u00fcckzuf\u00fchren, bildet die Entscheidung jedoch nur unvollst\u00e4ndig ab. So ist die eigentliche Problematik weniger der Auftritt als solches, sondern (1.) weil er sich nicht mit dem Auftritt als solchem auseinandergesetzt hat. Seine Begr\u00fcndung des Auftritts mag aus liberaler Perspektive konsequent sein, aber es fehlt eine eindeutige Auseinandersetzung mit der so genannten \u201eNeuen Rechten\u201c und ihrer Bedeutung.<\/span><\/div>\n<div id=\"magicdomid139\" class=\"\">&nbsp;<\/div>\n<div id=\"magicdomid140\" class=\"\"><span class=\"\">Hinzukommt und damit (2.) geht er unvorbereitet, ohne Idee bzw. Plan in eine Veranstaltung. Er verfolgt keine Absichten, hat keine wirkliche Perspektive, will nicht Einfluss nehmen und Ansichten aktiv durch die direkte Konfrontation verschieben oder Menschen \u00fcberzeugen. Es wirkt, als ob er nicht am Wandel gesellschaftlicher Zust\u00e4nde interessiert sei. Ursachen f\u00fcr gesellschaftliche Missst\u00e4nde und Ungleichheit l\u00e4sst er au\u00dfer Acht. Er will das Bestehende verwalten, allenfalls geringf\u00fcgig verbessern, sodass eine Gleichheit in der Verwertbarkeit der*des Einzelnen besteht.<\/span><\/div>\n<div id=\"magicdomid141\" class=\"\">&nbsp;<\/div>\n<div id=\"magicdomid142\" class=\"\"><span class=\"\">Wir h\u00e4tten von ihm erwartet, dass er wei\u00df, wem er gegen\u00fcber sitzt und mit wem er diskutiert. So ist es nicht notwendig, in seinem Buch von ihm zu erfahren, wie G\u00f6tz Kubitschek seine Frau und seine Kinder behandelt. Bedeutsam hingegen ist seine Rolle und Funktion im Rahmen eines Diskurses um Asyl und Rassismus zu kennen.<\/span><\/div>\n<div id=\"magicdomid143\" class=\"\">&nbsp;<\/div>\n<div id=\"magicdomid144\" class=\"\"><span class=\"\">Tenenbom betrachtet im Buch Kubitschek, Petry und Bachmann. Nur sieht er keine Verbindungen zwischen ihnen und verkennt deren Rollen, da er sie nur als Einzel-\/Privatperson sieht und nicht in ihrer Funktion im Diskurs um Asylpolitik oder Rassismus. F\u00fcr sich allein m\u00f6gen die drei marginal sein. Tenenbom versteht nur nicht die Wechselwirkungen\/-beziehungen zwischen Kubitschek (IfS, Verlag Antaios, Blog \u201eSezession\u201c: Theorie, Meinungsbildung), Petry (AfD, Landtagsabgeordnete: Parlament, Gesetzgebung) und Bachmann (Pegida: Stra\u00dfe, Bedrohung, Gewalt).<\/span><\/div>\n<div id=\"magicdomid145\" class=\"\">&nbsp;<\/div>\n<div id=\"magicdomid146\" class=\"\"><span class=\"\">Trotz der Treffen, die Tenenbom mit diesen drei \u2013 und weiteren \u2013 rechten AkteurInnen hatte, ist zu bezweifeln, dass er wei\u00df, auf wen er da traf und welchen Einfluss diese AkteurInnen auf die menschenverachtenden Zust\u00e4nde in Deutschland haben. Obwohl er eben diese Zust\u00e4nde in seinem Buch gleichfalls kritisert. In der Ausgabe 20\/2017 des Spiegel-Magazins fragte Tenenbom, \u201eob Kubitschek Macht habe\u201c. Im Spiegel, so der Autor, scheint Tenenbom dies selbst zu bezweifeln.&nbsp;<\/span><\/div>\n<div id=\"magicdomid147\" class=\"\">&nbsp;<\/div>\n<div id=\"magicdomid148\" class=\"\"><span class=\"\">Auch wenn Kubitschek nicht an Gesetzen mitschreibt oder direkt an der Umsetzung der Unterbringung von Asylsuchenden beteiligt ist: die rechten Netzwerke, die er aufgebaut hat und in denen er wirkt, haben Einfluss. Gemeinsam mit&nbsp; weiteren rechten AkteurInnen auf den Stra\u00dfen und in den Parlamenten ist der Einfluss so umfassend, dass er f\u00fcr die rassistischen Zust\u00e4nde mitverantwortlich ist. Pegida hat sehr wohl erkannt, dass gro\u00dfe Teile ihrer rassistischen Forderungen letztendlich von der Politik umgesetzt wurden. Sie waren also durchaus erfolgreich. Genauso wei\u00df die AfD, dass sie der parlamentarische Arm des rechten Mob ist.<\/span><\/div>\n<div id=\"magicdomid149\" class=\"\">&nbsp;<\/div>\n<div id=\"magicdomid150\" class=\"\"><span class=\"\">Es bleibt bei Kubitschek und Co. nicht auf der Ebene des Sagbaren, der blo\u00dfen \u00c4u\u00dferung der Meinung, sondern gleichfalls wird aus dem Sagbaren auch das Machbare. Durchaus, RassistInnen berufen sich nicht auf G\u00f6tz, Frauke oder Lutz und sagen vor Gericht: \u201eIch habe das Asylheim abgefackelt, weil die es gesagt haben und weil sie mir Angst gemacht haben.\u201c Nein, das passiert nicht. Aber RassistInnen glauben, ihre Handlung(en) h\u00e4tten eine gesellschaftliche Legitimation, also Berechtigung. Durch eben Schriften, Reden, Demonstrationen und Gesetzesvorschl\u00e4ge dieser Menschen von IfS, der AfD oder den -Gidas.&nbsp;<\/span><\/div>\n<div id=\"magicdomid151\" class=\"\">&nbsp;<\/div>\n<div id=\"magicdomid152\" class=\"\"><span class=\"\">Der von Tenenbom beschriebene menschenverachtende Umgang im deutschen Asylsystem ist Ausdruck einer zutiefst rassistischen Gesellschaft, die, wie er auch beschreibt, von allen Parteien in Deutschland getragen und umgesetzt wird (unsere Position dazu: <\/span><a href=\"https:\/\/fckp3.dontexist.net\/blogs\/wordpress\/rassismus-toetet\/wordpress\/index.php\/danke-fuer-die-blumen-mit-asylrechts-verschaerferinnen-gegen-legida-co\/\">Danke f\u00fcr die Blumen! \u201cMit Asylrechts-Versch\u00e4rfer*innen gegen Legida &amp; Co.?\u201d<\/a>)<span class=\"\">. Dennoch belassen wir es nicht beim beschreiben dieser Zust\u00e4nde, sondern bek\u00e4mpfen diese. Nicht f\u00fcr, sondern gerade gegen Deutschland.&nbsp;<\/span><\/div>\n<div id=\"magicdomid153\" class=\"\"><span class=\"\">&nbsp;<\/span><\/div>\n<div id=\"magicdomid154\" class=\"\"><span class=\"\">Wer die <a href=\"https:\/\/www.conne-island.de\/termin\/nr5035.html\">heutige Veranstaltung<\/a> verpasst haben sollte, aber dennoch Interesse hat, in etwa den Verlauf einer \u00e4hnlichen Veranstaltung mitzubekommen, der*dem seien folgende Links empfohlen:<\/span><\/div>\n<div id=\"magicdomid155\" class=\"\">&nbsp;<\/div>\n<div id=\"magicdomid156\" class=\"\"><span class=\"\">Tuvia Tenenbom: <a href=\"https:\/\/www.youtube.com\/watch?v=e4lPkpzB6cg&amp;t\">\u201eAllein unter Fl\u00fcchtlingen\u201c &#8211; Leipziger Buchmesse 2017 <\/a><\/span><\/div>\n<div class=\"\">&nbsp;<\/div>\n<div id=\"magicdomid158\" class=\"\">Magdeburg: <a href=\"https:\/\/www.youtube.com\/watch?v=SAz0QGorxQo\"><span class=\"\">CamsMD &#8211; Tuvia Tenenbom \u201eAllein unter Fl\u00fcchtlingen\u201c <\/span><\/a><\/div>\n","protected":false},"excerpt":{"rendered":"<p>Wie am 03.05. angek\u00fcndigt, folgt im Weiteren eine Erkl\u00e4rung, weshalb wir uns entschieden haben, die Lesung mit Tuvia Tenenbom nicht mehr umzusetzen. Dabei wollen wir auf nachstehende Punkte eingehen: Intention der Veranstaltung Umgang mit der Information, dass Tuvia Tenenbom am 06.05. in Schnellroda auftritt Anstatt der Lesung: Gespr\u00e4ch mit Tuvia und Isi Tenenbom &nbsp; Intention [&hellip;]<\/p>\n","protected":false},"author":2,"featured_media":1247,"comment_status":"closed","ping_status":"open","sticky":false,"template":"","format":"standard","meta":{"footnotes":""},"categories":[9,1],"tags":[],"class_list":["post-1975","post","type-post","status-publish","format-standard","has-post-thumbnail","hentry","category-aktuelles","category-allgemein"],"_links":{"self":[{"href":"https:\/\/www.rassismus-toetet-leipzig.org\/index.php\/wp-json\/wp\/v2\/posts\/1975","targetHints":{"allow":["GET"]}}],"collection":[{"href":"https:\/\/www.rassismus-toetet-leipzig.org\/index.php\/wp-json\/wp\/v2\/posts"}],"about":[{"href":"https:\/\/www.rassismus-toetet-leipzig.org\/index.php\/wp-json\/wp\/v2\/types\/post"}],"author":[{"embeddable":true,"href":"https:\/\/www.rassismus-toetet-leipzig.org\/index.php\/wp-json\/wp\/v2\/users\/2"}],"replies":[{"embeddable":true,"href":"https:\/\/www.rassismus-toetet-leipzig.org\/index.php\/wp-json\/wp\/v2\/comments?post=1975"}],"version-history":[{"count":1,"href":"https:\/\/www.rassismus-toetet-leipzig.org\/index.php\/wp-json\/wp\/v2\/posts\/1975\/revisions"}],"predecessor-version":[{"id":1976,"href":"https:\/\/www.rassismus-toetet-leipzig.org\/index.php\/wp-json\/wp\/v2\/posts\/1975\/revisions\/1976"}],"wp:featuredmedia":[{"embeddable":true,"href":"https:\/\/www.rassismus-toetet-leipzig.org\/index.php\/wp-json\/wp\/v2\/media\/1247"}],"wp:attachment":[{"href":"https:\/\/www.rassismus-toetet-leipzig.org\/index.php\/wp-json\/wp\/v2\/media?parent=1975"}],"wp:term":[{"taxonomy":"category","embeddable":true,"href":"https:\/\/www.rassismus-toetet-leipzig.org\/index.php\/wp-json\/wp\/v2\/categories?post=1975"},{"taxonomy":"post_tag","embeddable":true,"href":"https:\/\/www.rassismus-toetet-leipzig.org\/index.php\/wp-json\/wp\/v2\/tags?post=1975"}],"curies":[{"name":"wp","href":"https:\/\/api.w.org\/{rel}","templated":true}]}}