{"id":1966,"date":"2017-04-11T18:42:12","date_gmt":"2017-04-11T16:42:12","guid":{"rendered":"https:\/\/fckp3.dontexist.net\/blogs\/wordpress\/rassismus-toetet\/wordpress\/?p=1966"},"modified":"2017-04-11T18:42:12","modified_gmt":"2017-04-11T16:42:12","slug":"gedenktafel-fuer-kamal-k-gestohlen","status":"publish","type":"post","link":"https:\/\/www.rassismus-toetet-leipzig.org\/index.php\/gedenktafel-fuer-kamal-k-gestohlen\/","title":{"rendered":"Gedenktafel f\u00fcr Kamal K. gestohlen"},"content":{"rendered":"<p>Pressemitteilung 11.04.2017<\/p>\n<p>Unbekannte entwenden die Gedenktafel f\u00fcr die Todesopfer rechter Gewalt seit 1990 in Leipzig.<\/p>\n<p>Die in Gedenken an Kamal K. in der N\u00e4he des Tatortes angebracht Tafel, die an den rassistischen Mord 2010 in der N\u00e4he des Leipziger Hauptbahnhofes erinnert und dar\u00fcber hinaus f\u00fcr alle weiteren Todesopfer rechter Gewalt in Leipzig 2013 angebracht wurde, ist in der vergangenen Woche abgerissen worden.<\/p>\n<p>Kamal war im Oktober 2010 von zwei Neonazis gegen\u00fcber des Hauptbahnhofes ermordet worden. Das Verschwinden der Tafel ist am Wochenende bemerkt worden. <a href=\"https:\/\/fckp3.dontexist.net\/blogs\/wordpress\/rassismus-toetet\/wordpress\/index.php\/gedenktafel-fuer-kamal-k-nach-zerstoerung-erneuert\/\">Bereits im Juni 2016 wurde die Tafel besch\u00e4digt<\/a>.<\/p>\n<p>Nach mehr als einem Monat warten, wurde die damals besch\u00e4digte Tafel von der Gruppe &#8222;Rassismus t\u00f6tet!\u201c \u2013 Leipzig ersetzt. Eine Reaktion zur Besch\u00e4digung gab es von der Stadt Leipzig schon 2016 nicht. So hie\u00df es schon damals in einem Statement der Gruppe:<\/p>\n<p>&#8222;Seit mehr als einem Monat ist die Gedenktafel zerst\u00f6rt, ein offizielles Statement seitens der Stadt Leipzig, die immerhin ihr Logo auf die Tafel pressen lie\u00df, fehlt bisher. Dies kann als abermaliges Desinteresse gedeutet werden. Bereits die Verlegung des Gedenksteines zeigte dies: Damals versuchten sowohl Landes- als auch st\u00e4dtische Beh\u00f6rden die Errichtung eines Gedenkortes zu verunm\u00f6glichen.\u201c<\/p>\n<p>Zuerst lehnte es das Landesamt f\u00fcr Denkmalpflege ab, den Gedenkort in der C.W.-M\u00fcller-Anlage am Hauptbahnhof aufzustellen. Die erteilten Auflagen f\u00fchrten aufgrund von Einw\u00e4nden der Stadtverwaltung im Februar 2013 dazu, dass die Installation, die ma\u00dfgeblich nach den Vorstellungen von Kamals Mutter gestaltet worden war, \u201cunter k\u00fcnstlerischen Aspekten nicht mitgetragen werden\u201d kann.<\/p>\n<p>\u201cWir gehen davon aus, dass auch dieses Mal die Erneuerung der Gedenktafel von uns abh\u00e4ngt.\u201c so Hannes Heinze f\u00fcr die Gruppe &#8222;Rassismus t\u00f6tet!\u201c \u2013 Leipzig.<\/p>\n<p>Immer wieder werden Gedenktafeln in Leipzig zerst\u00f6rt, so wie die Gedenktafel zur Erinnerung an die Opfer der Todesm\u00e4rsche 1945 in der Kamenzer Stra\u00dfe 10 im Leipziger Nord-Osten, die bereits <a href=\"https:\/\/www.chronikle.org\/node\/3874\">f\u00fcnfmal besch\u00e4digt oder entwendet wurde<\/a>.<\/p>\n<p>\u201cRechte haben in Leipzig seit 1990 mindestens 8 Menschen ermordet und nun soll auch noch die Erinnerung an die Opfer zerst\u00f6rt werden. Es zeigt sich immer wieder, Leipzig hat ein <a href=\"https:\/\/raa-sachsen.de\/index.php\/stadt-leipzig.html\">Problem mit rechter Gewalt<\/a> und institutionellen Rassismus in der Leipziger Polizei, wie wir beim <a href=\"https:\/\/www.inventati.org\/leipzig\/?p=3520\">Prozess zum Mord an Kamal beobachten konnten<\/a>. Wir werden auch zuk\u00fcnftig an die Betroffenen rechter Gewalt erinnern und die menschenverachtenden Ideologien in dieser Gesellschaft bek\u00e4mpfen.\u201c so Hannes Heinze.<\/p>\n","protected":false},"excerpt":{"rendered":"<p>Pressemitteilung 11.04.2017 Unbekannte entwenden die Gedenktafel f\u00fcr die Todesopfer rechter Gewalt seit 1990 in Leipzig. Die in Gedenken an Kamal K. in der N\u00e4he des Tatortes angebracht Tafel, die an den rassistischen Mord 2010 in der N\u00e4he des Leipziger Hauptbahnhofes erinnert und dar\u00fcber hinaus f\u00fcr alle weiteren Todesopfer rechter Gewalt in Leipzig 2013 angebracht wurde, [&hellip;]<\/p>\n","protected":false},"author":2,"featured_media":1967,"comment_status":"closed","ping_status":"open","sticky":false,"template":"","format":"standard","meta":{"footnotes":""},"categories":[9,1],"tags":[],"class_list":["post-1966","post","type-post","status-publish","format-standard","has-post-thumbnail","hentry","category-aktuelles","category-allgemein"],"_links":{"self":[{"href":"https:\/\/www.rassismus-toetet-leipzig.org\/index.php\/wp-json\/wp\/v2\/posts\/1966","targetHints":{"allow":["GET"]}}],"collection":[{"href":"https:\/\/www.rassismus-toetet-leipzig.org\/index.php\/wp-json\/wp\/v2\/posts"}],"about":[{"href":"https:\/\/www.rassismus-toetet-leipzig.org\/index.php\/wp-json\/wp\/v2\/types\/post"}],"author":[{"embeddable":true,"href":"https:\/\/www.rassismus-toetet-leipzig.org\/index.php\/wp-json\/wp\/v2\/users\/2"}],"replies":[{"embeddable":true,"href":"https:\/\/www.rassismus-toetet-leipzig.org\/index.php\/wp-json\/wp\/v2\/comments?post=1966"}],"version-history":[{"count":1,"href":"https:\/\/www.rassismus-toetet-leipzig.org\/index.php\/wp-json\/wp\/v2\/posts\/1966\/revisions"}],"predecessor-version":[{"id":1968,"href":"https:\/\/www.rassismus-toetet-leipzig.org\/index.php\/wp-json\/wp\/v2\/posts\/1966\/revisions\/1968"}],"wp:featuredmedia":[{"embeddable":true,"href":"https:\/\/www.rassismus-toetet-leipzig.org\/index.php\/wp-json\/wp\/v2\/media\/1967"}],"wp:attachment":[{"href":"https:\/\/www.rassismus-toetet-leipzig.org\/index.php\/wp-json\/wp\/v2\/media?parent=1966"}],"wp:term":[{"taxonomy":"category","embeddable":true,"href":"https:\/\/www.rassismus-toetet-leipzig.org\/index.php\/wp-json\/wp\/v2\/categories?post=1966"},{"taxonomy":"post_tag","embeddable":true,"href":"https:\/\/www.rassismus-toetet-leipzig.org\/index.php\/wp-json\/wp\/v2\/tags?post=1966"}],"curies":[{"name":"wp","href":"https:\/\/api.w.org\/{rel}","templated":true}]}}