{"id":1930,"date":"2016-10-18T13:42:41","date_gmt":"2016-10-18T11:42:41","guid":{"rendered":"https:\/\/fckp3.dontexist.net\/blogs\/wordpress\/rassismus-toetet\/wordpress\/?p=1930"},"modified":"2016-10-18T13:56:52","modified_gmt":"2016-10-18T11:56:52","slug":"der-kuafoer-aus-der-keupstrasse-nsu-in-zwickau-kein-gras-drueber-wachsen-lassen-gegen-nazi-terror-und-den-rassistischen-normalzustand","status":"publish","type":"post","link":"https:\/\/www.rassismus-toetet-leipzig.org\/index.php\/der-kuafoer-aus-der-keupstrasse-nsu-in-zwickau-kein-gras-drueber-wachsen-lassen-gegen-nazi-terror-und-den-rassistischen-normalzustand\/","title":{"rendered":"DER KUAF\u00d6R AUS DER KEUPSTRA\u00dfE &#038; NSU in Zwickau: Gegen Nazi-Terror und den rassistischen Normalzustand."},"content":{"rendered":"<p><strong>UT Connewitz (Wolfgang-Heinze-Str. 12a, 04277 Leipzig) \/\/ Dokumentarfilm<\/strong><br \/>\n<strong>Donnerstag, 27.10. 2016 \/\/ Einlass 19 Uhr<\/strong><\/p>\n<p>Der Film erz\u00e4hlt die Geschichte des Nagelbombenanschlags vor einem tu\u0308rkischen Fris\u00f6rsalon in der K\u00f6lner Keupstra\u00dfe am 9. Juni 2004. Er konzentriert sich dabei auf die Folgen fu\u0308r die Opfer und ihre Angeh\u00f6rigen, gegen die als Hauptverd\u00e4chtige jahrelang ermittelt wurde.<br \/>\nDer Film rekonstruiert die Ermittlungen der Polizei, anhand der Verh\u00f6rprotokolle und es wird deutlich, dass als T\u00e4ter fu\u0308r die Polizei, vor allem die Opfer in Frage kamen. Ein ausl\u00e4nderfeindliches Motiv wurde weitestgehend ausgeblendet. Erst Jahre sp\u00e4ter wurde der Anschlag dem sogenannten Nationalsozialistischen Untergrund (NSU) zugeordnet.<br \/>\nAuf eindru\u0308ckliche Weise zeigt DER KUAF\u00d6R AUS DER KEUPSTRASSE wie tiefgreifend der Bombenanschlag, aber auch die Verd\u00e4chtigungen danach, das Leben im K\u00f6lner Stadtteil Mu\u0308lheim erschu\u0308ttert haben.<br \/>\nSo wie in K\u00f6ln wurden auch in den anderen St\u00e4dten, in denen der NSU gemordet hat, zumeist die Angeh\u00f6rigen und ihr Umfeld verd\u00e4chtigt. Der Film er\u00f6ffnet die Diskussion u\u0308ber die Frage eines strukturellen Rassismus in Deutschland auf eine neue Art, n\u00e4mlich aus der Perspektive der Betroffenen.<br \/>\nIm Anschluss Diskussion mit der Initiative\u00a0\u201e<a href=\"http:\/\/keupstrasse-ist-ueberall.de\/\">Keupstra\u00dfe ist \u00fcberall<\/a>\u201c und Mitgliedern der Initiative &#8222;Rassismus t\u00f6tet!\u201c-Leipzig.<\/p>\n<p><strong>Die Veranstaltung findet im Rahmen der bundesweiten Demonstration, anl\u00e4sslich des 5. Jahrestages der Selbstenttarnung des NSU, statt.<\/strong><\/p>\n<hr \/>\n<p><strong>Demonstration am 5.November 2016 um 14 Uhr in Zwickau <\/strong><\/p>\n<p>Von Leipzig gibt es eine gemeinsame<strong><span style=\"text-decoration: underline;\"> Anreise mit dem Zug<\/span>.<\/strong><\/p>\n<h4><strong>Treffpunkt: <span style=\"text-decoration: underline;\">5.November um 12:15 Uhr S-Bhf Connewitz<\/span><\/strong><\/h4>\n<hr \/>\n<p>Aufruf und mehr Informationen zur Demonstration: <strong><a href=\"https:\/\/irgendwoindeutschland.org\/\">www.irgendwoindeutschland.org<\/a> #Zwickau0511<\/strong><\/p>\n<p>&nbsp;<\/p>\n","protected":false},"excerpt":{"rendered":"<p>UT Connewitz (Wolfgang-Heinze-Str. 12a, 04277 Leipzig) \/\/ Dokumentarfilm Donnerstag, 27.10. 2016 \/\/ Einlass 19 Uhr Der Film erz\u00e4hlt die Geschichte des Nagelbombenanschlags vor einem tu\u0308rkischen Fris\u00f6rsalon in der K\u00f6lner Keupstra\u00dfe am 9. Juni 2004. Er konzentriert sich dabei auf die Folgen fu\u0308r die Opfer und ihre Angeh\u00f6rigen, gegen die als Hauptverd\u00e4chtige jahrelang ermittelt wurde. Der [&hellip;]<\/p>\n","protected":false},"author":2,"featured_media":1936,"comment_status":"closed","ping_status":"open","sticky":false,"template":"","format":"standard","meta":{"footnotes":""},"categories":[9,1],"tags":[],"class_list":["post-1930","post","type-post","status-publish","format-standard","has-post-thumbnail","hentry","category-aktuelles","category-allgemein"],"_links":{"self":[{"href":"https:\/\/www.rassismus-toetet-leipzig.org\/index.php\/wp-json\/wp\/v2\/posts\/1930","targetHints":{"allow":["GET"]}}],"collection":[{"href":"https:\/\/www.rassismus-toetet-leipzig.org\/index.php\/wp-json\/wp\/v2\/posts"}],"about":[{"href":"https:\/\/www.rassismus-toetet-leipzig.org\/index.php\/wp-json\/wp\/v2\/types\/post"}],"author":[{"embeddable":true,"href":"https:\/\/www.rassismus-toetet-leipzig.org\/index.php\/wp-json\/wp\/v2\/users\/2"}],"replies":[{"embeddable":true,"href":"https:\/\/www.rassismus-toetet-leipzig.org\/index.php\/wp-json\/wp\/v2\/comments?post=1930"}],"version-history":[{"count":5,"href":"https:\/\/www.rassismus-toetet-leipzig.org\/index.php\/wp-json\/wp\/v2\/posts\/1930\/revisions"}],"predecessor-version":[{"id":1937,"href":"https:\/\/www.rassismus-toetet-leipzig.org\/index.php\/wp-json\/wp\/v2\/posts\/1930\/revisions\/1937"}],"wp:featuredmedia":[{"embeddable":true,"href":"https:\/\/www.rassismus-toetet-leipzig.org\/index.php\/wp-json\/wp\/v2\/media\/1936"}],"wp:attachment":[{"href":"https:\/\/www.rassismus-toetet-leipzig.org\/index.php\/wp-json\/wp\/v2\/media?parent=1930"}],"wp:term":[{"taxonomy":"category","embeddable":true,"href":"https:\/\/www.rassismus-toetet-leipzig.org\/index.php\/wp-json\/wp\/v2\/categories?post=1930"},{"taxonomy":"post_tag","embeddable":true,"href":"https:\/\/www.rassismus-toetet-leipzig.org\/index.php\/wp-json\/wp\/v2\/tags?post=1930"}],"curies":[{"name":"wp","href":"https:\/\/api.w.org\/{rel}","templated":true}]}}