{"id":1904,"date":"2016-06-10T13:02:13","date_gmt":"2016-06-10T11:02:13","guid":{"rendered":"https:\/\/fckp3.dontexist.net\/blogs\/wordpress\/rassismus-toetet\/wordpress\/?p=1904"},"modified":"2016-08-12T13:05:22","modified_gmt":"2016-08-12T11:05:22","slug":"kundgebung-deutschland-gut-alles-gut","status":"publish","type":"post","link":"https:\/\/www.rassismus-toetet-leipzig.org\/index.php\/kundgebung-deutschland-gut-alles-gut\/","title":{"rendered":"Kundgebung: Deutschland gut. Alles gut?"},"content":{"rendered":"<div>H\u00f6rt! H\u00f6rt! Es ist mal wieder \u201eschwarz-rot-geil\u201c-Zeit. Deutschland spielt bei der Fu\u00dfball-Europameisterschaft der M\u00e4nner mit und alles andere wird zur l\u00e4stigen Nebensache. \u00c4hnlich der vergangenen Weltmeisterschaften werden Flaggen geschwenkt, Autos mit unsinnigstem Deutschland-Schmuck verziert und das alles nur, um endlich mal wieder dem Nationalgef\u00fchl freien Lauf zu lassen. Da sind dann auch mal ganz schnell alle gesellschaftlichen Probleme vergessen, denn das &#8222;Volk&#8220; hat ja wieder seine gemeinsamen Spiele.<\/div>\n<div><\/div>\n<div>Der Fu\u00dfball spielt dabei nur eine Nebenrolle, denn viele Menschen nutzen diese Gelegenheit, um ihre Liebe zur Nation offen zur Schau zu stellen. Alles in allem dient ein solches sportliche Ereignis vor allem einem: der Identifikation mit der eigenen Nationen \u2013 in diesem Fall mit Deutschland. Eine solche Identifikation mit dem nationalen Kollektiv und deren ideologische Konstruktion eines \u201eWir\u201c und \u201eIhr\u201c, geht auch immer mit gesellschaftlich tief verwurzelten Ausgrenzungsmechnanismen einher. So wirken Events, wie die nun stattfindende Fu\u00dfball-EM, auch immer als ein Katalysator f\u00fcr Rassismus, Nationalismus, Sexismus, sowie LGBTT(I)-A-Q-Feindlichkeit[1].<\/div>\n<div><\/div>\n<div>Vor allem in Sachsen l\u00e4sst dies nichts Gutes erwarten. So wie 2008, wo nach dem EM-Halbfinale in Dresden mehrere Imbisse von Vermummten angegriffen wurden, dabei wurden mindestens zwei Menschen verletzt. F\u00fcr die Menschen, die von solchen Ausgrenzungsmechanismen konkret betroffen sind und f\u00fcr diejenigen, die nicht in das Bild der v\u00f6lkischen Gemeinschaft passen, stellt solch ein sportliches Gro\u00dfereignis ein reale Gefahr f\u00fcr die pers\u00f6nliche Unversehrtheit dar! So wird auch das Public-Viewing schnell zum Ausgangspunkt von rassistischen Angriffen. Wozu der deutsche Mob in der Lage ist zeigte sich nicht nur zuletzt in Heidenau, Freital, Clausnitz, Tr\u00f6glitz uvm. Auf dem Platz stehen sich nicht mehr zwei Fu\u00dfballmannschaften gegen\u00fcber, sondern da geht es gleich mal um den &#8222;Kampf&#8220; zwischen zweier Nationen.<\/div>\n<div><\/div>\n<div>Wir vergessen nicht wozu diese Vorstellungen f\u00fchren. <a href=\"http:\/\/initiativkreis.blogsport.de\/2012\/06\/06\/rassismus-toetet\/\" rel=\"nofollow\">Wir gedenken an Nuno Louren\u00e7o<\/a>, der am 04. Juli 1998 w\u00e4hrend der damaligen Fu\u00dfball-WM zum Opfer rassistischer Gewalt wurde und sp\u00e4ter am 29.12.1998 an den Folgen seiner schweren Verletzungen starb. Wir vergessen auch nicht, die seit Monaten andauernden sozialen K\u00e4mpfe in Frankreich. Aber warum auch ausf\u00fchrlicher dar\u00fcber berichten? Es ist ja schlie\u00dflich Fu\u00dfball-EM und da hat so etwas keinen Platz in der \u00f6ffentlichen Wahrnehmung. Dies sind nur zwei exemplarische Beispiele daf\u00fcr, warum wir am 16.06.2016 \u2013 ab 20:00 Uhr \u2013 unsere Kundgebung vor der S\u00fcdbrause am Connewitzer Kreuz veranstalten werden!<\/div>\n<div><\/div>\n<div>[1]: Lesbian, Gay, Bi-, Transsesexual, Transgender, (Intersexual)-Asexual-Queer<\/div>\n<div><\/div>\n<div><strong>Donnerstag \/ 16.06.2016 \/ 20.00 Uhr \/ S\u00fcdbrause Connewitz Kreuz<\/strong><\/div>\n<div><strong>Dienstag \/ 21.06.2016 \/ 17.00 Uhr \/ Felsenkeller Plagwitz<\/strong><\/div>\n","protected":false},"excerpt":{"rendered":"<p>H\u00f6rt! H\u00f6rt! Es ist mal wieder \u201eschwarz-rot-geil\u201c-Zeit. Deutschland spielt bei der Fu\u00dfball-Europameisterschaft der M\u00e4nner mit und alles andere wird zur l\u00e4stigen Nebensache. \u00c4hnlich der vergangenen Weltmeisterschaften werden Flaggen geschwenkt, Autos mit unsinnigstem Deutschland-Schmuck verziert und das alles nur, um endlich mal wieder dem Nationalgef\u00fchl freien Lauf zu lassen. Da sind dann auch mal ganz schnell [&hellip;]<\/p>\n","protected":false},"author":2,"featured_media":1905,"comment_status":"closed","ping_status":"open","sticky":false,"template":"","format":"standard","meta":{"footnotes":""},"categories":[9,1],"tags":[],"class_list":["post-1904","post","type-post","status-publish","format-standard","has-post-thumbnail","hentry","category-aktuelles","category-allgemein"],"_links":{"self":[{"href":"https:\/\/www.rassismus-toetet-leipzig.org\/index.php\/wp-json\/wp\/v2\/posts\/1904","targetHints":{"allow":["GET"]}}],"collection":[{"href":"https:\/\/www.rassismus-toetet-leipzig.org\/index.php\/wp-json\/wp\/v2\/posts"}],"about":[{"href":"https:\/\/www.rassismus-toetet-leipzig.org\/index.php\/wp-json\/wp\/v2\/types\/post"}],"author":[{"embeddable":true,"href":"https:\/\/www.rassismus-toetet-leipzig.org\/index.php\/wp-json\/wp\/v2\/users\/2"}],"replies":[{"embeddable":true,"href":"https:\/\/www.rassismus-toetet-leipzig.org\/index.php\/wp-json\/wp\/v2\/comments?post=1904"}],"version-history":[{"count":1,"href":"https:\/\/www.rassismus-toetet-leipzig.org\/index.php\/wp-json\/wp\/v2\/posts\/1904\/revisions"}],"predecessor-version":[{"id":1906,"href":"https:\/\/www.rassismus-toetet-leipzig.org\/index.php\/wp-json\/wp\/v2\/posts\/1904\/revisions\/1906"}],"wp:featuredmedia":[{"embeddable":true,"href":"https:\/\/www.rassismus-toetet-leipzig.org\/index.php\/wp-json\/wp\/v2\/media\/1905"}],"wp:attachment":[{"href":"https:\/\/www.rassismus-toetet-leipzig.org\/index.php\/wp-json\/wp\/v2\/media?parent=1904"}],"wp:term":[{"taxonomy":"category","embeddable":true,"href":"https:\/\/www.rassismus-toetet-leipzig.org\/index.php\/wp-json\/wp\/v2\/categories?post=1904"},{"taxonomy":"post_tag","embeddable":true,"href":"https:\/\/www.rassismus-toetet-leipzig.org\/index.php\/wp-json\/wp\/v2\/tags?post=1904"}],"curies":[{"name":"wp","href":"https:\/\/api.w.org\/{rel}","templated":true}]}}