{"id":1779,"date":"2015-10-10T13:30:26","date_gmt":"2015-10-10T11:30:26","guid":{"rendered":"https:\/\/fckp3.dontexist.net\/blogs\/wordpress\/rassismus-toetet\/wordpress\/?p=1779"},"modified":"2016-10-18T14:02:55","modified_gmt":"2016-10-18T12:02:55","slug":"20-10-2015-leipziger-rede","status":"publish","type":"post","link":"https:\/\/www.rassismus-toetet-leipzig.org\/index.php\/20-10-2015-leipziger-rede\/","title":{"rendered":"20.10.2015 \u201eLeipziger Rede\u201c"},"content":{"rendered":"<p style=\"text-align: justify;\">Am 24. Oktober 2015 j\u00e4hrt sich der Todestag des in Leipzig ermordeten Kamal K. zum f\u00fcnften Mal. Der junge Kamal K. wurde das Opfer zweier Neonazis, die ihn in der N\u00e4he des Leipziger Hauptbahnhofes mit mehreren Messerstichen ermordeten. Kamal musste sterben, weil er nicht in das rassistische Weltbild seiner T\u00e4ter passte.<\/p>\n<p style=\"text-align: justify;\">In Leipzig ist Kamal K. somit das achte Todesopfer rechts-motivierter Gewalt seit 1990. Zus\u00e4tzlich gibt es zwei Verdachtsf\u00e4lle. Leipzig liegt damit bundesweit hinter Berlin und L\u00fcbeck an zweiter Stelle rechts-motivierter Morde.<\/p>\n<p style=\"text-align: justify;\">Seit mehr als einem halben Jahr besch\u00e4ftigt sich die Leipziger Stadtgesellschaft mit den rassistischen Protesten von Legida\/Pegida und anderen rechten Gruppen. Immer h\u00e4ufiger kommt es in Leipzig und ganz Sachsen zu \u00dcbergriffen auf Asylsuchende und deren Unterk\u00fcnfte. Kann bei dieser andauernden Mobilisierung von menschenfeindlichen Protesten in Leipzig noch von einer \u201eweltoffenen und toleranten\u201c Stadt gesprochen werden? Wie sieht es in der Realit\u00e4t aus? Um diese Frage n\u00e4her zu beleuchten, m\u00f6chten wir gerne diejenigen zu Wort kommen lassen, die pers\u00f6nlich Erfahrungen mit Rassismus gemacht haben.<a id=\"more-122\"><\/a><\/p>\n<p style=\"text-align: justify;\">Der <a href=\"http:\/\/initiativkreis.blogsport.de\">Initiativkreis Antirassismus<\/a>, l\u00e4dt aus diesem Grund recht herzlich zur <strong>\u201eLeipziger Rede\u201c am Dienstag, den 20. Oktober 2015 um 19:00 Uhr (Einlass 18:30 Uhr), in den Festsaal des Neuen Rathauses<\/strong> ein. An diesem Abend werden Menschen \u00fcber ihre Erfahrungen mit Rassismus und Diskriminierung sprechen. Wir m\u00f6chten gemeinsam ihnen zuh\u00f6ren und sie zu Wort kommen lassen.<\/p>\n<p style=\"text-align: justify;\">Es werden Personen der Leipziger Politik, des \u00f6ffentlichen Lebens sowie Vertreterinnen und Vertreter aus Kunst und Kultur im Auditorium anwesend sein.<\/p>\n<p style=\"text-align: justify;\">Eine Veranstaltung mit freundlicher Unterst\u00fctzung durch die Stadt Leipzig.<\/p>\n<p style=\"text-align: justify;\">Presseberichte der \u201eLeipziger Rede\u201c 2014:<\/p>\n<p style=\"text-align: justify;\">\u201c<strong><a href=\"https:\/\/linksunten.indymedia.org\/de\/node\/125375\">Auf das Anderssein reduziert<\/a><\/strong>\u201d<\/p>\n<p style=\"text-align: justify;\">\u201e<strong><a href=\"https:\/\/linksunten.indymedia.org\/de\/node\/125539\">Anders als die anderen Ausl\u00e4nder<\/a><\/strong>\u201c<\/p>\n","protected":false},"excerpt":{"rendered":"<p>Am 24. Oktober 2015 j\u00e4hrt sich der Todestag des in Leipzig ermordeten Kamal K. zum f\u00fcnften Mal. Der junge Kamal K. wurde das Opfer zweier Neonazis, die ihn in der N\u00e4he des Leipziger Hauptbahnhofes mit mehreren Messerstichen ermordeten. Kamal musste sterben, weil er nicht in das rassistische Weltbild seiner T\u00e4ter passte. In Leipzig ist Kamal [&hellip;]<\/p>\n","protected":false},"author":2,"featured_media":1138,"comment_status":"closed","ping_status":"open","sticky":false,"template":"","format":"standard","meta":{"footnotes":""},"categories":[9,1],"tags":[],"class_list":["post-1779","post","type-post","status-publish","format-standard","has-post-thumbnail","hentry","category-aktuelles","category-allgemein"],"_links":{"self":[{"href":"https:\/\/www.rassismus-toetet-leipzig.org\/index.php\/wp-json\/wp\/v2\/posts\/1779","targetHints":{"allow":["GET"]}}],"collection":[{"href":"https:\/\/www.rassismus-toetet-leipzig.org\/index.php\/wp-json\/wp\/v2\/posts"}],"about":[{"href":"https:\/\/www.rassismus-toetet-leipzig.org\/index.php\/wp-json\/wp\/v2\/types\/post"}],"author":[{"embeddable":true,"href":"https:\/\/www.rassismus-toetet-leipzig.org\/index.php\/wp-json\/wp\/v2\/users\/2"}],"replies":[{"embeddable":true,"href":"https:\/\/www.rassismus-toetet-leipzig.org\/index.php\/wp-json\/wp\/v2\/comments?post=1779"}],"version-history":[{"count":4,"href":"https:\/\/www.rassismus-toetet-leipzig.org\/index.php\/wp-json\/wp\/v2\/posts\/1779\/revisions"}],"predecessor-version":[{"id":1784,"href":"https:\/\/www.rassismus-toetet-leipzig.org\/index.php\/wp-json\/wp\/v2\/posts\/1779\/revisions\/1784"}],"wp:featuredmedia":[{"embeddable":true,"href":"https:\/\/www.rassismus-toetet-leipzig.org\/index.php\/wp-json\/wp\/v2\/media\/1138"}],"wp:attachment":[{"href":"https:\/\/www.rassismus-toetet-leipzig.org\/index.php\/wp-json\/wp\/v2\/media?parent=1779"}],"wp:term":[{"taxonomy":"category","embeddable":true,"href":"https:\/\/www.rassismus-toetet-leipzig.org\/index.php\/wp-json\/wp\/v2\/categories?post=1779"},{"taxonomy":"post_tag","embeddable":true,"href":"https:\/\/www.rassismus-toetet-leipzig.org\/index.php\/wp-json\/wp\/v2\/tags?post=1779"}],"curies":[{"name":"wp","href":"https:\/\/api.w.org\/{rel}","templated":true}]}}