{"id":1464,"date":"2014-06-18T07:29:11","date_gmt":"2014-06-18T05:29:11","guid":{"rendered":"https:\/\/fckp3.dontexist.net\/blogs\/wordpress\/rassismus-toetet\/wordpress\/?p=1464"},"modified":"2014-10-06T16:21:51","modified_gmt":"2014-10-06T14:21:51","slug":"150-menschen-bei-wm-kritischer-kundgebung-in-leipzig","status":"publish","type":"post","link":"https:\/\/www.rassismus-toetet-leipzig.org\/index.php\/150-menschen-bei-wm-kritischer-kundgebung-in-leipzig\/","title":{"rendered":"150 Menschen bei WM-kritischer Kundgebung in Leipzig"},"content":{"rendered":"<p>* Gedenken an Nuno Louren\u00e7o +++ Partypatriotismus schafft Ausgrenzung und Rassismus +++ Solidarit\u00e4t mit Protestierenden in Brasilien +++*<\/p>\n<p style=\"text-align: justify;\">Am Montag, dem 16. Juni 2014, f\u00fchrte die Initiative \u201cLove Football \u2013 Hate the World Cup!\u201d in Kooperation mit der der Gruppe \u201cRassismus t\u00f6tet!\u201d-Leipzig eine Kundgebung in der Kochstra\u00dfe, in H\u00f6he der S\u00fcdbrause (Connewitz), durch. Anlass der Aktion war die beginnende Fu\u00dfballweltmeisterschaft der Herren sowie das erste Spiel des deutschen Teams gegen das portugiesische.<\/p>\n<p style=\"text-align: justify;\">&#8222;150 Personen solidarisierten sich mit unserem Vorhaben und setzten damit ein Zeichen gegen den so genannten Partypatriotismus und seinen menschenverachtenden Ausw\u00fcchsen.&#8220;, so Gretel Bergmann von der Initiative \u201cLove Football \u2013 Hate the World Cup!\u201d. Mit der Kundgebung wurde auch an Nuno Louren\u00e7o gedacht, den Neonazis w\u00e4hrend WM 1998 ermordeten, nachdem das deutsche Team gegen Kroatien ein Spiel verlor.<\/p>\n<p style=\"text-align: justify;\">Der portugiesische Zimmermann Nuno Louren\u00e7o wurde am 4. Juli 1998 w\u00e4hrend der Weltmeisterschaft von acht 15- bis 21-j\u00e4hrigen Neonazis angegriffen, nachdem die deutsche Elf gegen die kroatische ein Spiel verlor. Die Angreifer wollten aus Rache f\u00fcr den Ausgang des Spiels \u201eAusl\u00e4nder hacken\u201c gehen. Der damals 49-J\u00e4hrigen wurde mit einer Eisenkette geschlagen und gew\u00fcrgt, bis er am Boden lag. Dann traten sie mit Springerstiefeln weiter auf ihn ein. Nuno Louren\u00e7o wurde mit schweren Verletzungen und inneren Blutungen in ein Leipziger Krankenhaus gebracht. Am 29. Dezember 1998 starb Nuno Louren\u00e7o in Folge des Angriffs an seinen schweren Verletzungen in Portugal.<\/p>\n<p style=\"text-align: justify;\">Bergmann: \u201cDie T\u00e4ter wurden zwar gefasst, aber das Landgericht erkannte kein rassistisches Motiv und wertete die Tat lediglich als K\u00f6rperverletzung mit Todesfolge. Auch im weiteren zeigt das Landgericht sowie der zust\u00e4ndige Richter, Norbert G\u00f6bel, wie bedeutungslos ihnen der Fall war: Sie setzten keinen Termin f\u00fcr den Haftantritt fest, unterlie\u00dfen es \u201eversehentlich\u201c \u00fcber die Kosten der Nebenklage zu entscheiden, aber verzichteten darauf, den verurteilten Neonazis die Kosten des Verfahrens aufzuerlegen. Damit verschuldete sich die Witwe Noemia Louren\u00e7o mit \u00fcber 17.500 Euro.\u201d<\/p>\n<p style=\"text-align: justify;\">Dieser \u201eFehler\u201c ist bis heute nicht behoben.<\/p>\n<p style=\"text-align: justify;\"><a href=\"https:\/\/fckp3.dontexist.net\/blogs\/wordpress\/rassismus-toetet\/wordpress\/wp-content\/uploads\/2014\/06\/hate-wm-2.png\"><img loading=\"lazy\" decoding=\"async\" class=\"size-medium wp-image-1470 alignleft\" src=\"https:\/\/fckp3.dontexist.net\/blogs\/wordpress\/rassismus-toetet\/wordpress\/wp-content\/uploads\/2014\/06\/hate-wm-2-300x168.png\" alt=\"hate-wm-2\" width=\"300\" height=\"168\" srcset=\"https:\/\/www.rassismus-toetet-leipzig.org\/wp-content\/uploads\/2014\/06\/hate-wm-2-300x168.png 300w, https:\/\/www.rassismus-toetet-leipzig.org\/wp-content\/uploads\/2014\/06\/hate-wm-2.png 587w\" sizes=\"auto, (max-width: 300px) 100vw, 300px\" \/><\/a>Der Mord an Nuno Louren\u00e7o ist dabei nur das krasseste Beispiel, wohin die Identifizierung mit einer Nation f\u00fchren kann. Seit mehreren Jahren wird der schwarz-rot-goldene Taumel als \u201eunverkrampfter\u201d Partypatriotismus gefeiert und verharmlost. Dadurch werden die unz\u00e4hligen menschenverachtenden Exzesse, die w\u00e4hrend internationaler Fu\u00dfballturniere auftreten, verschwiegen.\u201d, so Gretel Bergmann.<\/p>\n<p style=\"text-align: justify;\">Mit der Kundgebung solidarisierten sich die Teilnehmenden mit den Protestierenden in Brasilien. Diese treten unter dem Motto \u201eOhne Rechte wird es keine WM geben\u201d f\u00fcr den freien Zugang zu qualitativ-besserer Bildung, zum Gesundheitssektor, zu bezahlbaren \u00f6ffentlichen Personenverkehr und das Recht, auch weiterhin in der Stadt leben zu k\u00f6nnen, ein. Viele der der Demonstrant_innen wurde mit der Austragung der WM sozialer Aufstieg versprochen, erhalten haben sie hingegen schlechte Bezahlung, die Verdr\u00e4ngung aus ihrem Wohngebieten , die Zwangsr\u00e4umung aus ihren H\u00fctten und H\u00e4usern sowie Kriminalisierung und Stigmatisierung marginalisierter Bev\u00f6lkerungsgruppen sowie jener, die an den Protesten teilnehmen.<\/p>\n<p style=\"text-align: justify;\">\u201cMit der Annahme\u201d, so Bergmann abschlie\u00dfend, \u201csportliche Gro\u00dfereignisse seien ein Vorteil f\u00fcr die gesamte Bev\u00f6lkerung des gastgebenden Landes, muss Schluss sein. Die derzeitigen Zust\u00e4nde in Brasilien zeigen so deutlich wie nie, dass diese Aussage falsch ist. Politiker_innen gl\u00e4nzen mit der Durchf\u00fchrung der Spiele und \u00fcberspielen dabei soziale Probleme bzw. bek\u00e4mpfen die Betroffenen. \u00d6konomisch-benachteiligte Menschen werden und bleiben immer von diesen Events sowie versprochenen sozialen Aufstieg ausgeschlossen.\u201d<\/p>\n","protected":false},"excerpt":{"rendered":"<p>* Gedenken an Nuno Louren\u00e7o +++ Partypatriotismus schafft Ausgrenzung und Rassismus +++ Solidarit\u00e4t mit Protestierenden in Brasilien +++* Am Montag, dem 16. Juni 2014, f\u00fchrte die Initiative \u201cLove Football \u2013 Hate the World Cup!\u201d in Kooperation mit der der Gruppe \u201cRassismus t\u00f6tet!\u201d-Leipzig eine Kundgebung in der Kochstra\u00dfe, in H\u00f6he der S\u00fcdbrause (Connewitz), durch. Anlass der [&hellip;]<\/p>\n","protected":false},"author":2,"featured_media":1467,"comment_status":"closed","ping_status":"open","sticky":false,"template":"","format":"standard","meta":{"footnotes":""},"categories":[9,1,3],"tags":[],"class_list":["post-1464","post","type-post","status-publish","format-standard","has-post-thumbnail","hentry","category-aktuelles","category-allgemein","category-featured"],"_links":{"self":[{"href":"https:\/\/www.rassismus-toetet-leipzig.org\/index.php\/wp-json\/wp\/v2\/posts\/1464","targetHints":{"allow":["GET"]}}],"collection":[{"href":"https:\/\/www.rassismus-toetet-leipzig.org\/index.php\/wp-json\/wp\/v2\/posts"}],"about":[{"href":"https:\/\/www.rassismus-toetet-leipzig.org\/index.php\/wp-json\/wp\/v2\/types\/post"}],"author":[{"embeddable":true,"href":"https:\/\/www.rassismus-toetet-leipzig.org\/index.php\/wp-json\/wp\/v2\/users\/2"}],"replies":[{"embeddable":true,"href":"https:\/\/www.rassismus-toetet-leipzig.org\/index.php\/wp-json\/wp\/v2\/comments?post=1464"}],"version-history":[{"count":6,"href":"https:\/\/www.rassismus-toetet-leipzig.org\/index.php\/wp-json\/wp\/v2\/posts\/1464\/revisions"}],"predecessor-version":[{"id":1551,"href":"https:\/\/www.rassismus-toetet-leipzig.org\/index.php\/wp-json\/wp\/v2\/posts\/1464\/revisions\/1551"}],"wp:featuredmedia":[{"embeddable":true,"href":"https:\/\/www.rassismus-toetet-leipzig.org\/index.php\/wp-json\/wp\/v2\/media\/1467"}],"wp:attachment":[{"href":"https:\/\/www.rassismus-toetet-leipzig.org\/index.php\/wp-json\/wp\/v2\/media?parent=1464"}],"wp:term":[{"taxonomy":"category","embeddable":true,"href":"https:\/\/www.rassismus-toetet-leipzig.org\/index.php\/wp-json\/wp\/v2\/categories?post=1464"},{"taxonomy":"post_tag","embeddable":true,"href":"https:\/\/www.rassismus-toetet-leipzig.org\/index.php\/wp-json\/wp\/v2\/tags?post=1464"}],"curies":[{"name":"wp","href":"https:\/\/api.w.org\/{rel}","templated":true}]}}