{"id":1392,"date":"2014-03-30T11:14:52","date_gmt":"2014-03-30T09:14:52","guid":{"rendered":"https:\/\/fckp3.dontexist.net\/blogs\/wordpress\/rassismus-toetet\/wordpress\/?p=1392"},"modified":"2014-06-15T21:58:20","modified_gmt":"2014-06-15T19:58:20","slug":"4-april-2000-in-leipzig-strategien-gegen-den-rassistischen-mob","status":"publish","type":"post","link":"https:\/\/www.rassismus-toetet-leipzig.org\/index.php\/4-april-2000-in-leipzig-strategien-gegen-den-rassistischen-mob\/","title":{"rendered":"Vortrags- &#038; Diskussionangebot: Strategien gegen den rassistischen Mob"},"content":{"rendered":"<p style=\"text-align: justify;\">Rassismus t\u00f6tet! Leipzig kommt auf Anfrage gern zu euch: Vortrag &amp; Diskussion zu rassistischen Mobilisierungen und antirassistischen Interventionen<\/p>\n<p><!--more--><\/p>\n<p style=\"text-align: justify;\">Auf Grundlage unserer eigenen Erfahrung mit rassistischen Mobilisierungen in Leipzig-Sch\u00f6nefeld und Schneeberg haben wir ein Vortragsangebot erarbeitet. Auf Anfrage kommen wir gern zu euch!<\/p>\n<p style=\"text-align: justify;\"><strong>Inhalt:<\/strong><\/p>\n<p style=\"text-align: justify;\">Seit geraumer Zeit schwelen bundesweit Proteste gegen die Errichtung von Unterk\u00fcnften f\u00fcr Asylsuchende. Vielerorts werden diese rassistischen Mobilisierungen von Nazis getragen, oft erweisen sie sichh aber anschlussf\u00e4hig f\u00fcr die Mehrheitsbev\u00f6lkerung.<br \/>\nAlleine in den ersten zwei Monaten des Jahres 2014 gab es laut Pro Asyl 21 gewaltt\u00e4tige Aktionen, darunter zw\u00f6lf Brandstiftungen und sieben t\u00e4tliche Angriffe auf Einzelpersonen. Im Vorjahr waren es \u00fcber 100 Angriffe oder rassistische Aktionen.<br \/>\nViele f\u00fchlen sich vor dem Hintergrund an die rassistischen Pogrome der 1990er Jahre erinnert. Doch ist diese Gleichung so einfach zu ziehen?<br \/>\nIm Vortrag sollen die rassistischen Mobilisierungen der j\u00fcngeren Vergangenheit sowie politische und gesellschaftliche Reaktionen betrachtet werden. Dabei darf der Blick auf globale Migrationsbewegungen, Gr\u00fcnde f\u00fcr Flucht und die Lebenssituation von Asylsuchenden in Deutschland nicht fehlen.<br \/>\nGemeinsam mit euch wollen wir \u00fcber wirksame Gegenstrategien in die Diskussion kommen.<\/p>\n","protected":false},"excerpt":{"rendered":"<p>Rassismus t\u00f6tet! Leipzig kommt auf Anfrage gern zu euch: Vortrag &amp; Diskussion zu rassistischen Mobilisierungen und antirassistischen Interventionen<\/p>\n","protected":false},"author":2,"featured_media":1398,"comment_status":"closed","ping_status":"open","sticky":false,"template":"","format":"standard","meta":{"footnotes":""},"categories":[9,1,3],"tags":[],"class_list":["post-1392","post","type-post","status-publish","format-standard","has-post-thumbnail","hentry","category-aktuelles","category-allgemein","category-featured"],"_links":{"self":[{"href":"https:\/\/www.rassismus-toetet-leipzig.org\/index.php\/wp-json\/wp\/v2\/posts\/1392","targetHints":{"allow":["GET"]}}],"collection":[{"href":"https:\/\/www.rassismus-toetet-leipzig.org\/index.php\/wp-json\/wp\/v2\/posts"}],"about":[{"href":"https:\/\/www.rassismus-toetet-leipzig.org\/index.php\/wp-json\/wp\/v2\/types\/post"}],"author":[{"embeddable":true,"href":"https:\/\/www.rassismus-toetet-leipzig.org\/index.php\/wp-json\/wp\/v2\/users\/2"}],"replies":[{"embeddable":true,"href":"https:\/\/www.rassismus-toetet-leipzig.org\/index.php\/wp-json\/wp\/v2\/comments?post=1392"}],"version-history":[{"count":14,"href":"https:\/\/www.rassismus-toetet-leipzig.org\/index.php\/wp-json\/wp\/v2\/posts\/1392\/revisions"}],"predecessor-version":[{"id":1462,"href":"https:\/\/www.rassismus-toetet-leipzig.org\/index.php\/wp-json\/wp\/v2\/posts\/1392\/revisions\/1462"}],"wp:featuredmedia":[{"embeddable":true,"href":"https:\/\/www.rassismus-toetet-leipzig.org\/index.php\/wp-json\/wp\/v2\/media\/1398"}],"wp:attachment":[{"href":"https:\/\/www.rassismus-toetet-leipzig.org\/index.php\/wp-json\/wp\/v2\/media?parent=1392"}],"wp:term":[{"taxonomy":"category","embeddable":true,"href":"https:\/\/www.rassismus-toetet-leipzig.org\/index.php\/wp-json\/wp\/v2\/categories?post=1392"},{"taxonomy":"post_tag","embeddable":true,"href":"https:\/\/www.rassismus-toetet-leipzig.org\/index.php\/wp-json\/wp\/v2\/tags?post=1392"}],"curies":[{"name":"wp","href":"https:\/\/api.w.org\/{rel}","templated":true}]}}