{"id":1286,"date":"2013-11-04T17:11:30","date_gmt":"2013-11-04T15:11:30","guid":{"rendered":"https:\/\/fckp3.dontexist.net\/blogs\/wordpress\/rassismus-toetet\/wordpress\/?p=1286"},"modified":"2014-06-15T22:03:31","modified_gmt":"2014-06-15T20:03:31","slug":"vorlesungsreihe-flucht-und-asyl","status":"publish","type":"post","link":"https:\/\/www.rassismus-toetet-leipzig.org\/index.php\/vorlesungsreihe-flucht-und-asyl\/","title":{"rendered":"Vorlesungsreihe: Flucht und Asyl"},"content":{"rendered":"<p style=\"text-align: justify;\">Wir wollen an dieser Stelle auf die interessante Vorlesungsreihe der Hochschulgruppe Amnesty International hinweisen:<\/p>\n<p style=\"text-align: justify;\">Flucht und Asyl werfen nicht erst seit dem Ertrinken Hunderter Fl\u00fcchtlinge vor Lampedusa dr\u00e4ngende Fragen auf. Die Hochschulgruppe von Amnesty International bietet zu dem Thema eine Vorlesungsreihe an:<\/p>\n<p style=\"text-align: justify;\">(Alle Veranstaltungen finden im H\u00f6rsaal 5 der Uni Leipzig statt)<\/p>\n<p style=\"text-align: justify;\">04.11.13 19 Uhr (HS 5): Situation Asylsuchender in Leipzig und Sachsen Residenzpflicht, Heimunterbringung, Gutscheinversorgung und menschenunw\u00fcrdige Sozialleistungen sind Instrumente der Ausgrenzung mit denen Asylsuchende in Sachsen und Leipzig konfrontiert werden. Die willk\u00fcrliche Verteilung auf die Landkreise und somit die Entscheidung, mit welchen Lebensbedingungen sich gefl\u00fcchtete Personen zwangsweise arrangieren m\u00fcssen, pr\u00e4gt die Situation dieser Menschen oft jahrelang. Dabei kommen verschiedene Fragen auf: Wie sieht die beh\u00f6rdliche Praxis in den einzelnen Landkreisen aus? Wie werden die Lebensbedingungen der Fl\u00fcchtlinge vor Ort durch Beh\u00f6rden und deren MitarbeiterInnen beeinflusst? Was erwartet AsylbewerberInnen, die in Leipzig untergebracht werden? Wie gestaltet sich der Zugang zu medizinischer Versorgung, zu Bildung oder zum Arbeitsmarkt? VertreterInnen des S\u00e4chsischen Fl\u00fcchtlingsrates und Leipziger AktivistInnen werden in ihren Vortr\u00e4gen diese und weitere Themen betrachten und somit einen Einblick geben, inwieweit Sachsen und Leipzig ihren humanit\u00e4ren und menschenrechtlichen Verpflichtungen nachkommen.<\/p>\n<p style=\"text-align: justify;\">11.11.13 19 Uhr (HS 5): Traumatisierung und Identit\u00e4tsentwicklung in der Fremde. Interkulturelle Psychotherapie mit Fl\u00fcchtlingen und MigrantInnen Referentin: Priv.-Doz. Dr. med. Iris Tatjana Graef-Calliess Fl\u00fcchtlinge und Asylsuchende sind aufgrund ihrer Erfahrungen im Heimatland oft emotional schwer belastet. Gewalt, Verfolgung und Krieg zwingen sie h\u00e4ufig zur Flucht aus ihrer Heimat und k\u00f6nnen zu gravierenden seelischen Traumatisierungen f\u00fchren. Oftmals ist das Aufnahmeland jedoch kein Ort der Sicherheit und Erholung, sondern belastet die Gefl\u00fcchteten zus\u00e4tzlich. Ein unsicherer Aufenthaltsstatus, Arbeitsverbot, sprachliche Barrieren, prek\u00e4re Bedingungen in Lagern bzw. Gemeinschaftsunterk\u00fcnften, Residenzpflicht und soziale Isolation f\u00fchren zu einer weiteren Destabilisierung und unter Umst\u00e4nden sogar Retraumatisierung. So bedeutet die anhaltende Unsicherheit im Erleben der MigrantInnen gerade bei traumatischen Erfahrungen oft einen Verbleib in der bedrohlichen, traumatisierenden Situation, der nicht entkommen werden kann. Das wiederum schr\u00e4nkt die subjektiven Handlungsm\u00f6glichkeiten massiv ein und verst\u00e4rkt die sowieso schon objektiv vorhandenen Einschr\u00e4nkungen deutlich. Gegen\u00fcber diesen Problemen f\u00fchlen sich die Fl\u00fcchtlinge meist ohnm\u00e4chtig und hilflos. Die Vorlesung gibt einen Einblick in die interkulturelle Psychotherapie von Asylsuchenden und Menschen mit Migrationshintergrund und ihre spezifischen Besonderheiten.<\/p>\n<p style=\"text-align: justify;\">18.11.13 19 Uhr (HS 5): Festung Europa?! Europ\u00e4ische Grenzschutzpoitik Referent: Bernd Kasparek Immer wieder berichten die Medien von Fl\u00fcchtlingsstr\u00f6men nach Europa. Warum kommen so viele von ihnen erst sp\u00e4t, oder nie an ihrem erhofften Fluchtziel an? Wie sieht eigentlich das europ\u00e4ische Asylsystem aus? Wie ist das europ\u00e4ische Grenzregime darin einzuordnen und welche Rolle spielen Frontex, die Dublin II-Verordnung und das Schengen-Abkommen? Diese und viele weitere Fragen wird Bernd Kasparek, Spezialist auf dem Gebiet \u201eEurop\u00e4ische Grenz- und Migrationsregime\u201c zu beantworten versuchen.<\/p>\n<p style=\"text-align: justify;\">25.11.13 19 Uhr (HS 5): Europ\u00e4ische Asylpolitik Referent: Wolfgang Grenz Angesprochen werden insbesondere Fragen nach der Zukunft des Rechts auf Asyl in Europa: Wie steht es zum Beispiel um die Verwirklichung eines &#8222;einheitlichen europ\u00e4ischen Asylsystems&#8220;, j\u00fcngste Reformen und die Wechselwirkung zwischen europ\u00e4ischer Politik und Gesetzgebung und dem deutschen Asylverfahren?<\/p>\n<p style=\"text-align: justify;\">09.12.13 19 Uhr (HS 5): Klimafl\u00fcchtlinge als Paradox internationaler Politik Referent: Chris Methmann Die Forschung ist sich einig: Eigentlich ist es unm\u00f6glich, Migration und Flucht auf klimatische Ver\u00e4nderungen zur\u00fcckzuf\u00fchren. Dennoch haben die &#8222;Klimafl\u00fcchtlinge&#8220; eine steile Karriere hingelegt. So wurden sie zum Beispiel mehrfach im UN-Sicherheitsrat thematisiert. Der Vortrag widmet sich drei Fragen: Was wissen wir \u00fcber Klimaflucht und -migration? Wie erkl\u00e4rt sich die Themenkonjunktur? Und was sind ihre politischen Auswirkungen?<\/p>\n","protected":false},"excerpt":{"rendered":"<p>Wir wollen an dieser Stelle auf die interessante Vorlesungsreihe der Hochschulgruppe Amnesty International hinweisen: Flucht und Asyl werfen nicht erst seit dem Ertrinken Hunderter Fl\u00fcchtlinge vor Lampedusa dr\u00e4ngende Fragen auf. Die Hochschulgruppe von Amnesty International bietet zu dem Thema eine Vorlesungsreihe an: (Alle Veranstaltungen finden im H\u00f6rsaal 5 der Uni Leipzig statt) 04.11.13 19 Uhr [&hellip;]<\/p>\n","protected":false},"author":2,"featured_media":1287,"comment_status":"closed","ping_status":"open","sticky":false,"template":"","format":"standard","meta":{"footnotes":""},"categories":[9,1],"tags":[],"class_list":["post-1286","post","type-post","status-publish","format-standard","has-post-thumbnail","hentry","category-aktuelles","category-allgemein"],"_links":{"self":[{"href":"https:\/\/www.rassismus-toetet-leipzig.org\/index.php\/wp-json\/wp\/v2\/posts\/1286","targetHints":{"allow":["GET"]}}],"collection":[{"href":"https:\/\/www.rassismus-toetet-leipzig.org\/index.php\/wp-json\/wp\/v2\/posts"}],"about":[{"href":"https:\/\/www.rassismus-toetet-leipzig.org\/index.php\/wp-json\/wp\/v2\/types\/post"}],"author":[{"embeddable":true,"href":"https:\/\/www.rassismus-toetet-leipzig.org\/index.php\/wp-json\/wp\/v2\/users\/2"}],"replies":[{"embeddable":true,"href":"https:\/\/www.rassismus-toetet-leipzig.org\/index.php\/wp-json\/wp\/v2\/comments?post=1286"}],"version-history":[{"count":1,"href":"https:\/\/www.rassismus-toetet-leipzig.org\/index.php\/wp-json\/wp\/v2\/posts\/1286\/revisions"}],"predecessor-version":[{"id":1288,"href":"https:\/\/www.rassismus-toetet-leipzig.org\/index.php\/wp-json\/wp\/v2\/posts\/1286\/revisions\/1288"}],"wp:featuredmedia":[{"embeddable":true,"href":"https:\/\/www.rassismus-toetet-leipzig.org\/index.php\/wp-json\/wp\/v2\/media\/1287"}],"wp:attachment":[{"href":"https:\/\/www.rassismus-toetet-leipzig.org\/index.php\/wp-json\/wp\/v2\/media?parent=1286"}],"wp:term":[{"taxonomy":"category","embeddable":true,"href":"https:\/\/www.rassismus-toetet-leipzig.org\/index.php\/wp-json\/wp\/v2\/categories?post=1286"},{"taxonomy":"post_tag","embeddable":true,"href":"https:\/\/www.rassismus-toetet-leipzig.org\/index.php\/wp-json\/wp\/v2\/tags?post=1286"}],"curies":[{"name":"wp","href":"https:\/\/api.w.org\/{rel}","templated":true}]}}