{"id":1130,"date":"2013-09-12T10:38:31","date_gmt":"2013-09-12T08:38:31","guid":{"rendered":"https:\/\/fckp3.dontexist.net\/blogs\/wordpress\/rassismus-toetet\/wordpress\/?p=1130"},"modified":"2013-10-09T16:06:43","modified_gmt":"2013-10-09T14:06:43","slug":"menschenwurdiges-leben-fur-alle-kundgebung-am-18-09-2013-leipzig-neues-rathaus","status":"publish","type":"post","link":"https:\/\/www.rassismus-toetet-leipzig.org\/index.php\/menschenwurdiges-leben-fur-alle-kundgebung-am-18-09-2013-leipzig-neues-rathaus\/","title":{"rendered":"Menschenw\u00fcrdiges Leben f\u00fcr alle! Kundgebung am 18.09.2013, Leipzig, Neues Rathaus"},"content":{"rendered":"<p lang=\"fr-BE\" align=\"JUSTIFY\">Humane Life f\u00fcr Everyone! Manifestation on September 18<sup>th * <\/sup>Une vie en dignit\u00e9 pour toutes les hommes! Manifestation le 18 du septembre<!--more--><\/p>\n<p style=\"text-align: left;\" align=\"JUSTIFY\"><span style=\"font-family: Times New Roman,serif;\"><span style=\"font-size: small;\">Am 18.09.2013 tagt der Leipziger Stadtrat, Auf der Tagesordnung steht auch eine Anfrage zur Massenunterkunft f\u00fcr Asylsuchende in der Torgauer Stra\u00dfe in Leipzig. Diese sollte urspr\u00fcnglich Ende 2013 geschlossen werden, denn die Lebensbedingungen dort sind untragbar und menschenunw\u00fcrdig. Wie in den meisten Massenunterk\u00fcnften, in denen der deutsche Staat gefl\u00fcchtete Menschen unterbringt. Entgegen ihrer eigenen Aussagen plant die Stadt Leipzig inzwischen das Lager weiter zu betreiben. Das im vergangenen Jahr beschlossene neue Konzept zur Verbesserung der Wohnsituation von Gefl\u00fcchteten in Leipzig und die Schlie\u00dfung der Torgauer Stra\u00dfe r\u00fccken damit weiter in die Ferne. Ganz zu schweigen von Arbeitsverboten, Residenzpflicht und langwierigen Asylverfahren, die meistens in Abschiebungen enden.<br \/>\nWir wollen am 18.9. unseren Protest gegen die gesamte deutsche Asylpolitik erneut zum Ausdruck zu bringen.<br \/>\nDie t\u00f6dlichen Konsequenzen dieser Politik wurden in Leipzig zuletzt durch den Tod von Hisham Yazbek, der im Juni diesen Jahres im Fl\u00fcchtlingslager in der Torgauerstra\u00dfe verstarb, auf tragische Weise deutlich.<br \/>\nDarum: Kommt zur Kundgebung am 18.09. um 16 Uhr vor dem Neuen Rathaus (Martin-Luther-Ring 4 \u2014 6).<br \/>\nEs wird ein open mic geben, das genutzt werden kann f\u00fcr eigene Redebeitr\u00e4ge, Beschwerden \u00fcber die Wohn- und Lebensbedingungen hier in Leipzig\/Deutschland.<\/span><\/span><\/p>\n<p style=\"text-align: left;\" align=\"CENTER\"><em><span style=\"font-family: Times New Roman,serif;\"><span style=\"font-size: small;\"><strong>Wir fordern:<\/strong> <\/span><\/span><\/em><\/p>\n<p style=\"text-align: left;\" align=\"CENTER\"><em><span style=\"font-family: Times New Roman,serif;\"><span style=\"font-size: small;\">Schlie\u00dfung der menschenunw\u00fcrdige Unterbringung in der Torgauerstra\u00dfe 290!<br \/>\nDezentrale Unterbringung in Wohnungen!<br \/>\nErteilung von Arbeitserlaubnissen!<br \/>\nAbschiebungen stoppen!<br \/>\nBleiberecht f\u00fcr alle Fl\u00fcchtlinge! <\/span><\/span><\/em><\/p>\n<p style=\"text-align: left;\" lang=\"fr-BE\" align=\"CENTER\"><em><span style=\"font-family: Times New Roman,serif;\"><span style=\"font-size: small;\">Residenzpflicht abschaffen!<br \/>\nWir k\u00e4mpfen zusammen gegen eine unw\u00fcrdige Asylpolitik! <\/span><\/span><\/em><\/p>\n<p style=\"text-align: left;\" lang=\"fr-BE\" align=\"CENTER\"><strong><em>Initiativkreis Menschenw\u00fcrdig\/ Rassismus t\u00f6tet! Leipzig<\/em><\/strong><\/p>\n<h2 align=\"JUSTIFY\"><strong>Humane Life f\u00fcr Everyone! Manifestation on September 18<sup>th<\/sup><\/strong><\/h2>\n<p align=\"JUSTIFY\">On September 18<sup>th<\/sup> the city council of Leipzig holds a meeting, among other points there is also the inquiry on the agenda concerning the closure of the refugees&#8216; mass accommodation in Torgauer Stra\u00dfe, Leipzig. Originally, the building should&#8217;ve been closed by the end of 2013 as living conditions are unbearable and not worthy of human beings, just like in most of the mass accommodations offered to non-citizens by the authorities.<\/p>\n<p align=\"JUSTIFY\">Contrary to earlier assurances, the municipality of Leipzig plans to keep the mass accommodation in use. The concept of imbetterment of the residential situation of refugees, a resulution passed already a year ago, becomes a distant prospect again.<\/p>\n<p align=\"JUSTIFY\">Not to mention prohibition of work, residence restrictions, extense delays in processing of the asylum applications that still mostly results in deportation.<\/p>\n<p align=\"JUSTIFY\">On September 18<sup>th<\/sup>, we want to express again our protest against German asylum policy. The deathly consequences of this policy have become tragically apparent in Leipzig in the death of Hisham Yazbek who died in June in the refugee camp in Torgauer Stra\u00dfe.<br \/>\nTherefore:<\/p>\n<p align=\"JUSTIFY\">Come to the manifestation on September 18<sup>th<\/sup>, 16:00 in front of town hall\/ Neues Rathaus (Martin-Luther-Ring 4-6). There will be an open mic to be used for own speeches and complaints about dwelling and living conditions in Leipzig\/Deutschland.<\/p>\n<p style=\"text-align: left;\" align=\"CENTER\"><strong>We demand:<\/strong><\/p>\n<p style=\"text-align: left;\" align=\"CENTER\"><em>Close-down of inhumane accomodation in Torgauer Stra\u00dfe 290!<\/em><\/p>\n<p style=\"text-align: left;\" align=\"CENTER\"><em>Decentralised accomodation in flats!<\/em><\/p>\n<p style=\"text-align: left;\" align=\"CENTER\"><em>Grant of work permits!<\/em><\/p>\n<p style=\"text-align: left;\" align=\"CENTER\"><em>Abolish residence restrictions!<\/em><br \/>\n<em>Stop deportation! <\/em><\/p>\n<p style=\"text-align: left;\" align=\"CENTER\"><em>Freedom of movement and right to stay for all everyone!<\/em><br \/>\n<em>Together we fight against unworthy asylum policy!<\/em><\/p>\n<h1 lang=\"fr-BE\" align=\"JUSTIFY\"><\/h1>\n<h2 lang=\"fr-BE\" align=\"JUSTIFY\"><strong>Une vie en dignit\u00e9 pour toutes les hommes! Manifestation le 18 du septembre<\/strong><\/h2>\n<p lang=\"fr-BE\" align=\"JUSTIFY\">Au 18 septembre le conseil municipal de Leipzig si\u00e9ges. Dans l&#8217;ordre du jour il y a une demande sur le logement de masse pour les demandeurs d&#8217;asil dans la rue Torgauer \u00e0 Leipzig.<\/p>\n<p lang=\"fr-BE\" align=\"JUSTIFY\">Ce logement se devait fermer d\u00e9j\u00e0 en 2013, parce que les circonstances de vie sont pas acceptables et pas dign\u00e9s pur une vie humaine \u2013 comme la pluspart des logements de masse que l&#8217;\u00e9tat allemand utilise pour loger les personnes que sont fugi\u00e9s de leurs payes.<\/p>\n<p lang=\"fr-BE\" align=\"JUSTIFY\">La ville du Leipzig veut continuer \u00e0 poursuivre le camp \u2013 avant elle disait d&#8217;absolument le fermer!<\/p>\n<p lang=\"fr-BE\" align=\"JUSTIFY\">L&#8217;ann\u00e9e avant il y avait decid\u00e9 un concept pour am\u00e9liorer la situation d&#8217;habili<\/p>\n<p lang=\"fr-BE\" align=\"JUSTIFY\">tation de refugi\u00e8s a Leipzig. L\u00e0 il \u00e9tait aussi decider de fermer la Torgauer Strasse \u2013 maintenant il semble que cette descision ne pourait pas se faire r\u00e9aliser. Et on na pas encore parl\u00e9 de la prohibition du travaille, de l&#8217;obligation de residence et de procedure de demande d&#8217;asile du long haleine que finirons le plus souvent dans des deports.<\/p>\n<p lang=\"fr-BE\" align=\"JUSTIFY\">Nous voulons protester contre la politique d&#8217;asil en Allemagne le 18.9.2013<\/p>\n<p lang=\"fr-BE\" align=\"JUSTIFY\">On pouvait sentir les consequences tragique de cette politique par la mort du Hisham Yazbek, trouv\u00e9e en juin dans le camp des refugi\u00e9s dans la Torgauer Strasse.<\/p>\n<p lang=\"fr-BE\" align=\"JUSTIFY\">Alors: vennez \u00e0 la manifestation le 18.09. a 16 heures avant la municipal (Matin-Luther-Ring 4-6)<\/p>\n<p lang=\"fr-BE\" align=\"JUSTIFY\">il y aura un open mic, le quelle on peut utiliser pour les propres expressions &#8211; contribution de parole, plaintes sur les circonstances d&#8217;habilitation et de la vie \u00e0 leipzig\/en Allemagne.<\/p>\n<p lang=\"fr-BE\" align=\"JUSTIFY\"><strong><em>On demande:<\/em><\/strong><\/p>\n<p style=\"text-align: left;\" lang=\"fr-BE\" align=\"CENTER\"><em>Fermeture de l&#8217;habilitation en Torgauerstra\u00dfe 290!<\/em><br \/>\n<em> Decentralisation de l&#8217;accomodation des demandeurs d&#8217;asil! <\/em><br \/>\n<em>Permis de travail pour tous\u00a0!<\/em><br \/>\n<em>Abolisez de la obligation de residence\u00a0!<\/em><br \/>\n<em>Stop aux \u00e9xpulsions\u00a0!<\/em><br \/>\n<em>La droit de rester pour tous\u00a0!<\/em><\/p>\n","protected":false},"excerpt":{"rendered":"<p>Humane Life f\u00fcr Everyone! Manifestation on September 18th * Une vie en dignit\u00e9 pour toutes les hommes! Manifestation le 18 du septembre<\/p>\n","protected":false},"author":2,"featured_media":1138,"comment_status":"closed","ping_status":"open","sticky":false,"template":"","format":"standard","meta":{"footnotes":""},"categories":[9,1],"tags":[],"class_list":["post-1130","post","type-post","status-publish","format-standard","has-post-thumbnail","hentry","category-aktuelles","category-allgemein"],"_links":{"self":[{"href":"https:\/\/www.rassismus-toetet-leipzig.org\/index.php\/wp-json\/wp\/v2\/posts\/1130","targetHints":{"allow":["GET"]}}],"collection":[{"href":"https:\/\/www.rassismus-toetet-leipzig.org\/index.php\/wp-json\/wp\/v2\/posts"}],"about":[{"href":"https:\/\/www.rassismus-toetet-leipzig.org\/index.php\/wp-json\/wp\/v2\/types\/post"}],"author":[{"embeddable":true,"href":"https:\/\/www.rassismus-toetet-leipzig.org\/index.php\/wp-json\/wp\/v2\/users\/2"}],"replies":[{"embeddable":true,"href":"https:\/\/www.rassismus-toetet-leipzig.org\/index.php\/wp-json\/wp\/v2\/comments?post=1130"}],"version-history":[{"count":7,"href":"https:\/\/www.rassismus-toetet-leipzig.org\/index.php\/wp-json\/wp\/v2\/posts\/1130\/revisions"}],"predecessor-version":[{"id":1178,"href":"https:\/\/www.rassismus-toetet-leipzig.org\/index.php\/wp-json\/wp\/v2\/posts\/1130\/revisions\/1178"}],"wp:featuredmedia":[{"embeddable":true,"href":"https:\/\/www.rassismus-toetet-leipzig.org\/index.php\/wp-json\/wp\/v2\/media\/1138"}],"wp:attachment":[{"href":"https:\/\/www.rassismus-toetet-leipzig.org\/index.php\/wp-json\/wp\/v2\/media?parent=1130"}],"wp:term":[{"taxonomy":"category","embeddable":true,"href":"https:\/\/www.rassismus-toetet-leipzig.org\/index.php\/wp-json\/wp\/v2\/categories?post=1130"},{"taxonomy":"post_tag","embeddable":true,"href":"https:\/\/www.rassismus-toetet-leipzig.org\/index.php\/wp-json\/wp\/v2\/tags?post=1130"}],"curies":[{"name":"wp","href":"https:\/\/api.w.org\/{rel}","templated":true}]}}