{"id":1115,"date":"2013-09-18T18:30:24","date_gmt":"2013-09-18T16:30:24","guid":{"rendered":"https:\/\/fckp3.dontexist.net\/blogs\/wordpress\/rassismus-toetet\/wordpress\/?p=1115"},"modified":"2013-10-09T15:59:54","modified_gmt":"2013-10-09T13:59:54","slug":"workshop-nsu","status":"publish","type":"post","link":"https:\/\/www.rassismus-toetet-leipzig.org\/index.php\/workshop-nsu\/","title":{"rendered":"Workshop NSU"},"content":{"rendered":"<p style=\"text-align: justify;\"><strong>Neuer Termin (!): 03.10.2013, 12 Uhr, Linxxnet<\/strong><\/p>\n<p style=\"text-align: justify;\">Neonazis des \u201cNationalsozialistischen Untergrunds\u201c ermordeten zwischen 2000 und 2007 mindestens zehn Menschen, ver\u00fcbten Sprengstoffanschl\u00e4ge und \u00fcberfielen zahlreiche Banken. Im November 2011 enttarnten sie sich schlie\u00dflich selbst. Dadurch wurde eine umfassende (?) mediale Berichterstattung und politische Diskussion \u00fcber Neonazismus, Rechtsterrorismus und den Verfassungsschutz bzw. Sicherheitsbeh\u00f6rden allgemein losgetreten. Warum mussten f\u00fcr eine solche \u2013 bisher recht unzureichende Aufarbeitung \u2013 erst zehn Menschen sterben? Im Workshop soll der Frage nachgegangen werden ob Rechtsterrorismus in Deutschland und Europa erst seit dem NSU existiert oder ob hier vielmehr auf lange Kontinuit\u00e4ten zur\u00fcckgeblickt werden kann. Weiterhin sollen die mediale Berichterstattung w\u00e4hrend und nach der Morde und Taten sowie bisher diskutierte und umgesetzte politische Konsequenzen analysiert und debattiert werden.<br \/>\nDer Workshop findet am 03.10.2013 um 12 Uhr im Linxxnet (Bornaische Stra\u00dfe 3d) statt. Im Anschluss besteht die M\u00f6glichkeit gemeinsam \u00fcber Themenschwerpunkte und den Fokus eines geplanten Themenmonats im November zu reden. Zeitlich solltet ihr mindestens bis 17 Uhr einplanen. Bitte meldet euch verbindlich unter initiativkreis@riseup.net an. Die Teilnahme ist kostenlos, f\u00fcr eine Kleinigkeit zu Essen zwischendurch ist gesorgt.<\/p>\n","protected":false},"excerpt":{"rendered":"<p>Neuer Termin (!): 03.10.2013, 12 Uhr, Linxxnet Neonazis des \u201cNationalsozialistischen Untergrunds\u201c ermordeten zwischen 2000 und 2007 mindestens zehn Menschen, ver\u00fcbten Sprengstoffanschl\u00e4ge und \u00fcberfielen zahlreiche Banken. Im November 2011 enttarnten sie sich schlie\u00dflich selbst. Dadurch wurde eine umfassende (?) mediale Berichterstattung und politische Diskussion \u00fcber Neonazismus, Rechtsterrorismus und den Verfassungsschutz bzw. Sicherheitsbeh\u00f6rden allgemein losgetreten. Warum mussten [&hellip;]<\/p>\n","protected":false},"author":2,"featured_media":1118,"comment_status":"closed","ping_status":"open","sticky":false,"template":"","format":"standard","meta":{"footnotes":""},"categories":[9,1],"tags":[],"class_list":["post-1115","post","type-post","status-publish","format-standard","has-post-thumbnail","hentry","category-aktuelles","category-allgemein"],"_links":{"self":[{"href":"https:\/\/www.rassismus-toetet-leipzig.org\/index.php\/wp-json\/wp\/v2\/posts\/1115","targetHints":{"allow":["GET"]}}],"collection":[{"href":"https:\/\/www.rassismus-toetet-leipzig.org\/index.php\/wp-json\/wp\/v2\/posts"}],"about":[{"href":"https:\/\/www.rassismus-toetet-leipzig.org\/index.php\/wp-json\/wp\/v2\/types\/post"}],"author":[{"embeddable":true,"href":"https:\/\/www.rassismus-toetet-leipzig.org\/index.php\/wp-json\/wp\/v2\/users\/2"}],"replies":[{"embeddable":true,"href":"https:\/\/www.rassismus-toetet-leipzig.org\/index.php\/wp-json\/wp\/v2\/comments?post=1115"}],"version-history":[{"count":6,"href":"https:\/\/www.rassismus-toetet-leipzig.org\/index.php\/wp-json\/wp\/v2\/posts\/1115\/revisions"}],"predecessor-version":[{"id":1174,"href":"https:\/\/www.rassismus-toetet-leipzig.org\/index.php\/wp-json\/wp\/v2\/posts\/1115\/revisions\/1174"}],"wp:featuredmedia":[{"embeddable":true,"href":"https:\/\/www.rassismus-toetet-leipzig.org\/index.php\/wp-json\/wp\/v2\/media\/1118"}],"wp:attachment":[{"href":"https:\/\/www.rassismus-toetet-leipzig.org\/index.php\/wp-json\/wp\/v2\/media?parent=1115"}],"wp:term":[{"taxonomy":"category","embeddable":true,"href":"https:\/\/www.rassismus-toetet-leipzig.org\/index.php\/wp-json\/wp\/v2\/categories?post=1115"},{"taxonomy":"post_tag","embeddable":true,"href":"https:\/\/www.rassismus-toetet-leipzig.org\/index.php\/wp-json\/wp\/v2\/tags?post=1115"}],"curies":[{"name":"wp","href":"https:\/\/api.w.org\/{rel}","templated":true}]}}