{"id":1019,"date":"2013-05-24T18:57:56","date_gmt":"2013-05-24T16:57:56","guid":{"rendered":"https:\/\/fckp3.dontexist.net\/blogs\/wordpress\/rassismus-toetet\/wordpress\/?p=1019"},"modified":"2013-08-07T12:57:28","modified_gmt":"2013-08-07T10:57:28","slug":"umbettung-des-2011-getoteten-wohnungslosen-andre-k-weitere-spenden-notig","status":"publish","type":"post","link":"https:\/\/www.rassismus-toetet-leipzig.org\/index.php\/umbettung-des-2011-getoteten-wohnungslosen-andre-k-weitere-spenden-notig\/","title":{"rendered":"Umbettung des 2011 get\u00f6teten wohnungslosen Andr\u00e9 K. &#8211; weitere Spenden n\u00f6tig"},"content":{"rendered":"<p style=\"text-align: justify;\">Zahlreiche Spenden sind f\u00fcr die Umbettung des ermordeten Andre K.\u00a0 eingegangen, es fehlen momentan noch 450 Euro* Am Montag, den 27.05.2013 um 18 Uhr findet in Oschatz, zwei Jahre nach dem Angriff, eine Mahnwache zur Erinnerung statt. <!--more--><br \/>\nIn der Nacht zum 27.05.2011 wurde der wohnungslose Andr\u00e9 K. in Oschatz von mindestens 5 T\u00e4tern so schwer misshandelt, dass er wenige Tage sp\u00e4ter aufgrund der Verletzungen verstarb.Andr\u00e9 K. ist einer der mindestens 31 Menschen, die seit der Wiedervereinigung von Neonazis aus dem Motiv der Ablehnung von Wohnungslosen ermordet wurden.<br \/>\nIn ihrer prek\u00e4ren Situation sind Wohnungslose f\u00fcr die T\u00e4ter leichte Opfer, die geringsch\u00e4tzige Einstellung zu Wohnungslosen in der Gesellschaft liefert den Angreifern die Rechtfertigung f\u00fcr ihre Gewalttaten.<br \/>\nDa die Familie des Verstorbenen durch die Polizei nicht informiert wurde, beerdigte Ihn die Stadt Leipzig in einem namenlosen Sozialgrab.<br \/>\nZur Finanzierung einer w\u00fcrdevollen Ruhest\u00e4tte des aus sozialdarwinistischen Motiven get\u00f6teten Andr\u00e9 K. spendeten engagierte B\u00fcrger und B\u00fcrgerinnen \u00fcber 1 550 Euro.<\/p>\n<p style=\"text-align: justify;\">Die Umst\u00e4nde der Tat ber\u00fchrten viele B\u00fcrger und B\u00fcrgerinnen aus Oschatz, aber auch viele engagierte Menschen \u00fcber die Region hinaus. \u00dcber den Spendenaufruf des E-Werk Oschatz e.V. und der Opferberatung f\u00fcr Betroffene rechter und rassistischer Gewalt des RAA Sachsen e.V. kamen \u00fcber 1.550 Euro zusammen. Davon entsch\u00e4digte der Weisse Ring e.V., der sich f\u00fcr Kriminalit\u00e4tsopfer einsetzt, die Familie mit 500 Euro. Die Initiative &#8222;Rassismus t\u00f6tet!&#8220; spendete 250 Euro.<\/p>\n<p style=\"text-align: justify;\">Nach einem langwierigen Prozess gegen die T\u00e4ter hoffen die Angeh\u00f6rigen mit der Umbettung endlich das Geschehene verarbeiten und in Ruhe trauern zu k\u00f6nnen.<br \/>\nLena Nowak, Beraterin der Opferberatung des RAA Sachsen e.V., dazu: &#8222;Im Namen der Familie danken wir allen Spendern und Spenderinnen f\u00fcr ihre Anteilnahme und Unterst\u00fctzung rufen dazu auf weiterhin zu spenden, damit eine Umbettung bald m\u00f6glich ist.&#8220;<\/p>\n<p style=\"text-align: justify;\"><strong>*Spendenkonto:*<\/strong><\/p>\n<p style=\"text-align: justify;\">Jugend-, Kultur- und Umweltzentrum e.V.<br \/>\nKonto: 22 000 24 013<br \/>\nBLZ 860 555 92<br \/>\nSparkasse Leipzig<br \/>\nVerwendungszweck: Spende Umbettung Andr\u00e9 K.<\/p>\n<p style=\"text-align: justify;\"><strong>Am 27.05.2013 um 18 Uhr findet am Ort des Angriffs dem S\u00fcdbahnhof in Oschatz eine Mahnwache statt, wo auch eine Gedenktafel enth\u00fcllt wird.<\/strong><\/p>\n<p style=\"text-align: justify;\"><em>PM RAA Sachsen e.V. Jugend-, Kultur- und Umweltzentrums &#8222;E-Werk&#8220; e.V.<\/em><\/p>\n","protected":false},"excerpt":{"rendered":"<p>Zahlreiche Spenden sind f\u00fcr die Umbettung des ermordeten Andre K.\u00a0 eingegangen, es fehlen momentan noch 450 Euro* Am Montag, den 27.05.2013 um 18 Uhr findet in Oschatz, zwei Jahre nach dem Angriff, eine Mahnwache zur Erinnerung statt.<\/p>\n","protected":false},"author":2,"featured_media":672,"comment_status":"closed","ping_status":"open","sticky":false,"template":"","format":"standard","meta":{"footnotes":""},"categories":[9,1,3],"tags":[],"class_list":["post-1019","post","type-post","status-publish","format-standard","has-post-thumbnail","hentry","category-aktuelles","category-allgemein","category-featured"],"_links":{"self":[{"href":"https:\/\/www.rassismus-toetet-leipzig.org\/index.php\/wp-json\/wp\/v2\/posts\/1019","targetHints":{"allow":["GET"]}}],"collection":[{"href":"https:\/\/www.rassismus-toetet-leipzig.org\/index.php\/wp-json\/wp\/v2\/posts"}],"about":[{"href":"https:\/\/www.rassismus-toetet-leipzig.org\/index.php\/wp-json\/wp\/v2\/types\/post"}],"author":[{"embeddable":true,"href":"https:\/\/www.rassismus-toetet-leipzig.org\/index.php\/wp-json\/wp\/v2\/users\/2"}],"replies":[{"embeddable":true,"href":"https:\/\/www.rassismus-toetet-leipzig.org\/index.php\/wp-json\/wp\/v2\/comments?post=1019"}],"version-history":[{"count":6,"href":"https:\/\/www.rassismus-toetet-leipzig.org\/index.php\/wp-json\/wp\/v2\/posts\/1019\/revisions"}],"predecessor-version":[{"id":1060,"href":"https:\/\/www.rassismus-toetet-leipzig.org\/index.php\/wp-json\/wp\/v2\/posts\/1019\/revisions\/1060"}],"wp:featuredmedia":[{"embeddable":true,"href":"https:\/\/www.rassismus-toetet-leipzig.org\/index.php\/wp-json\/wp\/v2\/media\/672"}],"wp:attachment":[{"href":"https:\/\/www.rassismus-toetet-leipzig.org\/index.php\/wp-json\/wp\/v2\/media?parent=1019"}],"wp:term":[{"taxonomy":"category","embeddable":true,"href":"https:\/\/www.rassismus-toetet-leipzig.org\/index.php\/wp-json\/wp\/v2\/categories?post=1019"},{"taxonomy":"post_tag","embeddable":true,"href":"https:\/\/www.rassismus-toetet-leipzig.org\/index.php\/wp-json\/wp\/v2\/tags?post=1019"}],"curies":[{"name":"wp","href":"https:\/\/api.w.org\/{rel}","templated":true}]}}